{"id":7404,"date":"2026-04-28T16:46:20","date_gmt":"2026-04-28T14:46:20","guid":{"rendered":"https:\/\/b2bdesign.de\/?p=7404"},"modified":"2026-04-29T08:24:57","modified_gmt":"2026-04-29T06:24:57","slug":"neues-logo-memo-ag","status":"publish","type":"post","link":"https:\/\/b2bdesign.de\/en\/neues-logo-memo-ag\/","title":{"rendered":"Neues Logo memo AG"},"content":{"rendered":"<div data-elementor-type=\"wp-post\" data-elementor-id=\"7404\" class=\"elementor elementor-7404\" data-elementor-post-type=\"post\">\n\t\t\t\t<div class=\"elementor-element elementor-element-5bb513a8 e-flex e-con-boxed wpr-particle-no wpr-jarallax-no wpr-parallax-no wpr-equal-height-no e-con e-parent\" data-id=\"5bb513a8\" data-element_type=\"container\" data-e-type=\"container\" data-settings=\"{&quot;background_background&quot;:&quot;classic&quot;}\">\n\t\t\t\t\t<div class=\"e-con-inner\">\n\t\t\t\t<div class=\"elementor-element elementor-element-47446478 premium-nav-slide premium-hidden-icon-yes premium-disable-scroll-yes elementor-fixed elementor-widget-mobile__width-initial elementor-widget__width-initial elementor-hidden-widescreen elementor-hidden-desktop elementor-hidden-tablet_extra elementor-hidden-tablet elementor-hidden-mobile premium-slide-auto elementor-widget elementor-widget-global elementor-global-2040 elementor-widget-premium-nav-menu\" data-id=\"47446478\" data-element_type=\"widget\" data-e-type=\"widget\" data-settings=\"{&quot;_position&quot;:&quot;fixed&quot;,&quot;submenu_icon&quot;:{&quot;value&quot;:&quot;fas fa-angle-down&quot;,&quot;library&quot;:&quot;fa-solid&quot;},&quot;submenu_item_icon&quot;:{&quot;value&quot;:&quot;&quot;,&quot;library&quot;:&quot;&quot;}}\" data-widget_type=\"premium-nav-menu.default\">\n\t\t\t\t<div class=\"elementor-widget-container\">\n\t\t\t\t\t\t\t<div data-settings=\"{&quot;breakpoint&quot;:0,&quot;mobileLayout&quot;:null,&quot;mainLayout&quot;:&quot;slide&quot;,&quot;stretchDropdown&quot;:false,&quot;hoverEffect&quot;:&quot;&quot;,&quot;submenuEvent&quot;:null,&quot;submenuTrigger&quot;:&quot;item&quot;,&quot;closeAfterClick&quot;:true,&quot;renderMobileMenu&quot;:true}\" class=\"premium-nav-widget-container premium-nav-pointer-none\" style=\"visibility:hidden; opacity:0;\">\n\t\t\t<div class=\"premium-ver-inner-container\">\n\t\t\t\t\t\t\t\t\t<div class=\"premium-hamburger-toggle premium-mobile-menu-icon\" role=\"button\" aria-label=\"Toggle Menu\">\n\t\t\t\t\t\t<span class=\"premium-toggle-text\">\n\t\t\t\t\t\t\t<i aria-hidden=\"true\" class=\"fas fa-bars\"><\/i>\t\t\t\t\t\t<\/span>\n\t\t\t\t\t\t<span class=\"premium-toggle-close\">\n\t\t\t\t\t\t\t<i aria-hidden=\"true\" class=\"fas fa-times\"><\/i>\t\t\t\t\t\t<\/span>\n\t\t\t\t\t<\/div>\n\t\t\t\t\t\t\t\t\t\t<div class=\"premium-nav-slide-overlay\"><\/div>\n\t\t\t\t\t<div class=\"premium-mobile-menu-outer-container\">\n\t\t\t\t\t\t<div class=\"premium-mobile-menu-close\" role=\"button\" aria-label=\"Close Menu\">\n\t\t\t\t\t\t\t<i aria-hidden=\"true\" class=\"fas fa-times\"><\/i>\t\t\t\t\t\t\t<span class=\"premium-toggle-close\"><\/span>\n\t\t\t\t\t\t<\/div>\n\t\t\t\t\t\t\t\t\t\t\t\t<div class=\"premium-mobile-menu-container\">\n\t\t\t\t\t\t\t\t\t\t\t\t\t\t\t<ul id=\"menu-hauptmenue-1\" class=\"premium-mobile-menu premium-main-mobile-menu premium-main-nav-menu\"><li id=\"premium-nav-menu-item-80321\" class=\"menu-item menu-item-type-post_type menu-item-object-page premium-nav-menu-item\"><a href=\"https:\/\/b2bdesign.de\/en\/leistungen\/\" class=\"premium-menu-link premium-menu-link-parent premium-lq__none\">Unsere Leistungen<\/a><\/li>\n<li id=\"premium-nav-menu-item-10142\" class=\"menu-item menu-item-type-post_type menu-item-object-page premium-nav-menu-item\"><a href=\"https:\/\/b2bdesign.de\/en\/about-us-alt\/\" class=\"premium-menu-link premium-menu-link-parent premium-lq__none\">Das ist b2b design<\/a><\/li>\n<li id=\"premium-nav-menu-item-18643\" class=\"menu-item menu-item-type-post_type menu-item-object-page premium-nav-menu-item\"><a href=\"https:\/\/b2bdesign.de\/en\/unsere-projekte\/\" class=\"premium-menu-link premium-menu-link-parent premium-lq__none\">Erfolgsgeschichten<\/a><\/li>\n<li id=\"premium-nav-menu-item-14594\" class=\"menu-item menu-item-type-post_type menu-item-object-page premium-nav-menu-item\"><a href=\"https:\/\/b2bdesign.de\/en\/kontakt\/\" class=\"premium-menu-link premium-menu-link-parent premium-lq__none\">\u270b Sag uns Hallo!<\/a><\/li>\n<\/ul>\t\t\t\t\t\t\t\t\t\t\t\t\t\t<\/div>\n\t\t\t\t\t\t<\/div>\t\t\t\t<\/div>\n\t\t\t<\/div>\n\t\t\t\t\t\t\t<\/div>\n\t\t\t\t<\/div>\n\t\t\t\t<div class=\"elementor-element elementor-element-227f7092 elementor-headline--style-highlight elementor-widget elementor-widget-animated-headline\" data-id=\"227f7092\" data-element_type=\"widget\" data-e-type=\"widget\" data-settings=\"{&quot;marker&quot;:&quot;underline_zigzag&quot;,&quot;highlighted_text&quot;:&quot;news for thee&quot;,&quot;headline_style&quot;:&quot;highlight&quot;,&quot;loop&quot;:&quot;yes&quot;,&quot;highlight_animation_duration&quot;:1200,&quot;highlight_iteration_delay&quot;:8000}\" data-widget_type=\"animated-headline.default\">\n\t\t\t\t<div class=\"elementor-widget-container\">\n\t\t\t\t\t\t\t<h3 class=\"elementor-headline\">\n\t\t\t\t\t<span class=\"elementor-headline-plain-text elementor-headline-text-wrapper\">b2b - <\/span>\n\t\t\t\t<span class=\"elementor-headline-dynamic-wrapper elementor-headline-text-wrapper\">\n\t\t\t\t\t<span class=\"elementor-headline-dynamic-text elementor-headline-text-active\">news for thee<\/span>\n\t\t\t\t<\/span>\n\t\t\t\t<\/h3>\n\t\t\t\t\t\t<\/div>\n\t\t\t\t<\/div>\n\t\t\t\t\t<\/div>\n\t\t\t\t<\/div>\n\t\t<div class=\"elementor-element elementor-element-5e7f9bd1 e-flex e-con-boxed wpr-particle-no wpr-jarallax-no wpr-parallax-no wpr-equal-height-no e-con e-parent\" data-id=\"5e7f9bd1\" data-element_type=\"container\" data-e-type=\"container\">\n\t\t\t\t\t<div class=\"e-con-inner\">\n\t\t<div class=\"elementor-element elementor-element-90a57ed e-con-full e-flex wpr-particle-no wpr-jarallax-no wpr-parallax-no wpr-equal-height-no e-con e-child\" data-id=\"90a57ed\" data-element_type=\"container\" data-e-type=\"container\">\n\t\t\t\t<div class=\"elementor-element elementor-element-25964326 elementor-widget elementor-widget-wpr-post-title\" data-id=\"25964326\" data-element_type=\"widget\" data-e-type=\"widget\" data-widget_type=\"wpr-post-title.default\">\n\t\t\t\t<div class=\"elementor-widget-container\">\n\t\t\t\t\t<h1 class=\"wpr-post-title\">Neues Logo memo AG<\/h1>\t\t\t\t<\/div>\n\t\t\t\t<\/div>\n\t\t\t\t<div class=\"elementor-element elementor-element-508380a9 wpr-post-info-align-left elementor-widget elementor-widget-wpr-post-info\" data-id=\"508380a9\" data-element_type=\"widget\" data-e-type=\"widget\" data-widget_type=\"wpr-post-info.default\">\n\t\t\t\t<div class=\"elementor-widget-container\">\n\t\t\t\t\t<ul class=\"wpr-post-info wpr-post-info-vertical\"><li class=\"wpr-post-info-taxonomy\"><a href=\"https:\/\/b2bdesign.de\/en\/category\/good-to-know\/\">Good to know<\/a><\/li><li class=\"wpr-post-info-date\"><span>April 28, 2026<\/span><\/li><\/ul>\t\t\t\t<\/div>\n\t\t\t\t<\/div>\n\t\t\t\t<div class=\"elementor-element elementor-element-512f0549 elementor-widget elementor-widget-text-editor\" data-id=\"512f0549\" data-element_type=\"widget\" data-e-type=\"widget\" data-widget_type=\"text-editor.default\">\n\t\t\t\t<div class=\"elementor-widget-container\">\n\t\t\t\t\t\t\t\t\t<p>Die memo AG pr\u00e4sentiert sich im neuen Design. Aufmerksame Beobachter werden feststellen, dass das Unternehmen aus Greu\u00dfenheim ein neues Logo hat. Das neue Logo ist eine stilisierte Wortmarke und spielt geschickt mit den Buchstaben &#8220;m&#8221;.<\/p>\t\t\t\t\t\t\t\t<\/div>\n\t\t\t\t<\/div>\n\t\t\t\t<\/div>\n\t\t<div class=\"elementor-element elementor-element-211b337c e-con-full e-flex wpr-particle-no wpr-jarallax-no wpr-parallax-no wpr-equal-height-no e-con e-child\" data-id=\"211b337c\" data-element_type=\"container\" data-e-type=\"container\">\n\t\t\t\t<div class=\"elementor-element elementor-element-e2e27e0 elementor-widget elementor-widget-image\" data-id=\"e2e27e0\" data-element_type=\"widget\" data-e-type=\"widget\" data-widget_type=\"image.default\">\n\t\t\t\t<div class=\"elementor-widget-container\">\n\t\t\t\t\t\t\t\t\t\t\t\t\t\t\t<img fetchpriority=\"high\" decoding=\"async\" width=\"800\" height=\"373\" src=\"https:\/\/b2bdesign.de\/wp-content\/uploads\/2024\/03\/memo-logo.jpg\" class=\"attachment-large size-large wp-image-7406\" alt=\"\" srcset=\"https:\/\/b2bdesign.de\/wp-content\/uploads\/2024\/03\/memo-logo.jpg 1024w, https:\/\/b2bdesign.de\/wp-content\/uploads\/2024\/03\/memo-logo-300x140.jpg 300w, https:\/\/b2bdesign.de\/wp-content\/uploads\/2024\/03\/memo-logo-768x358.jpg 768w, https:\/\/b2bdesign.de\/wp-content\/uploads\/2024\/03\/memo-logo-18x8.jpg 18w\" sizes=\"(max-width: 800px) 100vw, 800px\" \/>\t\t\t\t\t\t\t\t\t\t\t\t\t\t\t<\/div>\n\t\t\t\t<\/div>\n\t\t\t\t<\/div>\n\t\t\t\t\t<\/div>\n\t\t\t\t<\/div>\n\t\t<div class=\"elementor-element elementor-element-2028ef27 e-flex e-con-boxed wpr-particle-no wpr-jarallax-no wpr-parallax-no wpr-equal-height-no e-con e-parent\" data-id=\"2028ef27\" data-element_type=\"container\" data-e-type=\"container\">\n\t\t\t\t\t<div class=\"e-con-inner\">\n\t\t\t\t<div class=\"elementor-element elementor-element-583ea259 elementor-widget elementor-widget-spacer\" data-id=\"583ea259\" data-element_type=\"widget\" data-e-type=\"widget\" data-widget_type=\"spacer.default\">\n\t\t\t\t<div class=\"elementor-widget-container\">\n\t\t\t\t\t\t\t<div class=\"elementor-spacer\">\n\t\t\t<div class=\"elementor-spacer-inner\"><\/div>\n\t\t<\/div>\n\t\t\t\t\t\t<\/div>\n\t\t\t\t<\/div>\n\t\t<div class=\"elementor-element elementor-element-c726bb1 e-con-full e-flex wpr-particle-no wpr-jarallax-no wpr-parallax-no wpr-equal-height-no e-con e-child\" data-id=\"c726bb1\" data-element_type=\"container\" data-e-type=\"container\">\n\t\t<div class=\"elementor-element elementor-element-47daefa e-con-full e-flex wpr-particle-no wpr-jarallax-no wpr-parallax-no wpr-equal-height-no e-con e-child\" data-id=\"47daefa\" data-element_type=\"container\" data-e-type=\"container\">\n\t\t\t\t<div class=\"elementor-element elementor-element-72a9ae9c elementor-widget elementor-widget-text-editor\" data-id=\"72a9ae9c\" data-element_type=\"widget\" data-e-type=\"widget\" data-widget_type=\"text-editor.default\">\n\t\t\t\t<div class=\"elementor-widget-container\">\n\t\t\t\t\t\t\t\t\t<h5><strong>Spekulative Interpretation:<\/strong><\/h5><p>Das Logo zeigt zwei kleine &#8220;m&#8221;s, eines davon auf dem Kopf stehend, \u00fcbereinander. Zwischen ihnen verl\u00e4uft ein aufsteigender Bereich, der auf Erfolg hindeuten k\u00f6nnte. Die Farben, ein helles Orange\/Braun und ein dunkles Rot\/Braun, vermitteln eine Verbindung zur Natur. Man k\u00f6nnte die Hauptfarbe auch als &#8220;Rostrot&#8221; interpretieren.<\/p><p>Das umgedrehte &#8220;m&#8221; k\u00f6nnte als Fundament mit Lagerbereich gedeutet werden, w\u00e4hrend das dar\u00fcber liegende &#8220;m&#8221; das Dach darstellt.<\/p><p>Beim ersten Anblick des neuen Logos kam uns der Gedanke an &#8220;Montessori W\u00fcrzburg&#8221; aufgrund der \u00c4hnlichkeit des gro\u00dfen &#8220;M&#8221; und der Farbe.<\/p><h5>\u00a0<\/h5><h5><strong>Positionierung fehlt<\/strong><\/h5><p>Das neue Logo verzichtet komplett auf den Slogan &#8220;<strong>nachhaltig einkaufen<\/strong>&#8220;. Der Slogan ist aus der Zeit gefallen und h\u00e4tte gerne abge\u00e4ndert werden k\u00f6nnen, evtl. in Verbindung mit &#8220;Online&#8221; bzw. &#8220;<strong>online nachhaltig einkaufen<\/strong>&#8220;.<\/p><p>Etwas abgefahrenes, j\u00fcngeres oder sogar englisches w\u00fcrde nicht glaubhaft r\u00fcberkommen, da die memo AG schon etwas \u00e4lter und konservativer ist (war?).<\/p>\t\t\t\t\t\t\t\t<\/div>\n\t\t\t\t<\/div>\n\t\t\t\t<\/div>\n\t\t<div class=\"elementor-element elementor-element-77a1792 e-con-full e-flex wpr-particle-no wpr-jarallax-no wpr-parallax-no wpr-equal-height-no e-con e-child\" data-id=\"77a1792\" data-element_type=\"container\" data-e-type=\"container\">\n\t\t\t\t\t\t\t\t<div style=\"width:100%; background-color: rgb(245, 245, 245); aspect-ratio: 16\/9; display: flex; align-items: center; justify-content: center;\">\n\t<svg width=\"64\" height=\"64\" viewbox=\"0 0 64 64\" fill=\"none\" xmlns=\"http:\/\/www.w3.org\/2000\/svg\">\n\t\t<path d=\"M17.6902 8.92189C18.3227 8.56844 19.0991 8.58381 19.7162 8.96355L54.3829 30.2969C54.9738 30.661 55.3334 31.3059 55.3334 32C55.3334 32.6941 54.9738 33.339 54.3829 33.7031L19.7162 55.0365C19.0991 55.4162 18.3227 55.4316 17.6902 55.0781C17.0584 54.7245 16.6667 54.0574 16.6667 53.3333V10.6667L16.685 10.3984C16.7685 9.7807 17.1373 9.23132 17.6902 8.92189ZM20.6667 49.7526L49.5157 32L20.6667 14.2448V49.7526Z\" fill=\"black\" fill-opacity=\"0.54\"\/>\n\t<\/svg>\n\t<\/div>\n\t\t\t\t\t<\/div>\n\t\t\t\t<\/div>\n\t\t\t\t<div class=\"elementor-element elementor-element-0fc8454 elementor-widget elementor-widget-image\" data-id=\"0fc8454\" data-element_type=\"widget\" data-e-type=\"widget\" data-widget_type=\"image.default\">\n\t\t\t\t<div class=\"elementor-widget-container\">\n\t\t\t\t\t\t\t\t\t\t\t\t\t\t\t<img decoding=\"async\" width=\"800\" height=\"373\" src=\"https:\/\/b2bdesign.de\/wp-content\/uploads\/2024\/03\/memo-vs-montessori.jpg\" class=\"attachment-large size-large wp-image-7410\" alt=\"\" srcset=\"https:\/\/b2bdesign.de\/wp-content\/uploads\/2024\/03\/memo-vs-montessori.jpg 1024w, https:\/\/b2bdesign.de\/wp-content\/uploads\/2024\/03\/memo-vs-montessori-300x140.jpg 300w, https:\/\/b2bdesign.de\/wp-content\/uploads\/2024\/03\/memo-vs-montessori-768x358.jpg 768w, https:\/\/b2bdesign.de\/wp-content\/uploads\/2024\/03\/memo-vs-montessori-18x8.jpg 18w\" sizes=\"(max-width: 800px) 100vw, 800px\" \/>\t\t\t\t\t\t\t\t\t\t\t\t\t\t\t<\/div>\n\t\t\t\t<\/div>\n\t\t\t\t\t<\/div>\n\t\t\t\t<\/div>\n\t\t<div class=\"elementor-element elementor-element-faa46bf e-flex e-con-boxed wpr-particle-no wpr-jarallax-no wpr-parallax-no wpr-equal-height-no e-con e-parent\" data-id=\"faa46bf\" data-element_type=\"container\" data-e-type=\"container\" data-settings=\"{&quot;background_background&quot;:&quot;classic&quot;}\">\n\t\t\t\t\t<div class=\"e-con-inner\">\n\t\t\t\t<div class=\"elementor-element elementor-element-1fec529 elementor-widget elementor-widget-spacer\" data-id=\"1fec529\" data-element_type=\"widget\" data-e-type=\"widget\" data-widget_type=\"spacer.default\">\n\t\t\t\t<div class=\"elementor-widget-container\">\n\t\t\t\t\t\t\t<div class=\"elementor-spacer\">\n\t\t\t<div class=\"elementor-spacer-inner\"><\/div>\n\t\t<\/div>\n\t\t\t\t\t\t<\/div>\n\t\t\t\t<\/div>\n\t\t\t\t\t<\/div>\n\t\t\t\t<\/div>\n\t\t<div class=\"elementor-element elementor-element-01433cf e-flex e-con-boxed wpr-particle-no wpr-jarallax-no wpr-parallax-no wpr-equal-height-no e-con e-parent\" data-id=\"01433cf\" data-element_type=\"container\" data-e-type=\"container\" data-settings=\"{&quot;background_background&quot;:&quot;classic&quot;}\">\n\t\t\t\t\t<div class=\"e-con-inner\">\n\t\t<div class=\"elementor-element elementor-element-e4f5953 e-con-full e-flex wpr-particle-no wpr-jarallax-no wpr-parallax-no wpr-equal-height-no e-con e-child\" data-id=\"e4f5953\" data-element_type=\"container\" data-e-type=\"container\">\n\t\t\t\t<div class=\"elementor-element elementor-element-d75329c elementor-widget elementor-widget-image\" data-id=\"d75329c\" data-element_type=\"widget\" data-e-type=\"widget\" data-widget_type=\"image.default\">\n\t\t\t\t<div class=\"elementor-widget-container\">\n\t\t\t\t\t\t\t\t\t\t\t\t\t\t\t<img decoding=\"async\" width=\"800\" height=\"450\" src=\"https:\/\/b2bdesign.de\/wp-content\/uploads\/2024\/03\/memo-1024x576.jpg\" class=\"attachment-large size-large wp-image-7409\" alt=\"\" srcset=\"https:\/\/b2bdesign.de\/wp-content\/uploads\/2024\/03\/memo-1024x576.jpg 1024w, https:\/\/b2bdesign.de\/wp-content\/uploads\/2024\/03\/memo-300x169.jpg 300w, https:\/\/b2bdesign.de\/wp-content\/uploads\/2024\/03\/memo-768x432.jpg 768w, https:\/\/b2bdesign.de\/wp-content\/uploads\/2024\/03\/memo-1536x864.jpg 1536w, https:\/\/b2bdesign.de\/wp-content\/uploads\/2024\/03\/memo-2048x1151.jpg 2048w, https:\/\/b2bdesign.de\/wp-content\/uploads\/2024\/03\/memo-18x10.jpg 18w\" sizes=\"(max-width: 800px) 100vw, 800px\" \/>\t\t\t\t\t\t\t\t\t\t\t\t\t\t\t<\/div>\n\t\t\t\t<\/div>\n\t\t\t\t<\/div>\n\t\t<div class=\"elementor-element elementor-element-405c48c e-con-full e-flex wpr-particle-no wpr-jarallax-no wpr-parallax-no wpr-equal-height-no e-con e-child\" data-id=\"405c48c\" data-element_type=\"container\" data-e-type=\"container\">\n\t\t\t\t<div class=\"elementor-element elementor-element-1074128 elementor-widget elementor-widget-heading\" data-id=\"1074128\" data-element_type=\"widget\" data-e-type=\"widget\" data-widget_type=\"heading.default\">\n\t\t\t\t<div class=\"elementor-widget-container\">\n\t\t\t\t\t<h2 class=\"elementor-heading-title elementor-size-default\">Geschichte memo AG<\/h2>\t\t\t\t<\/div>\n\t\t\t\t<\/div>\n\t\t\t\t<div class=\"elementor-element elementor-element-40fcc87 elementor-widget elementor-widget-text-editor\" data-id=\"40fcc87\" data-element_type=\"widget\" data-e-type=\"widget\" data-widget_type=\"text-editor.default\">\n\t\t\t\t<div class=\"elementor-widget-container\">\n\t\t\t\t\t\t\t\t\t<p>Die memo AG ist ein deutsches Unternehmen, das sich auf B\u00fcrobedarf, \u00f6kologische Produkte und Nachhaltigkeit spezialisiert hat. Das Unternehmen wurde 1990 gegr\u00fcndet und hat seinen Hauptsitz in Greu\u00dfenheim, Deutschland. Die memo AG ist bekannt f\u00fcr ihr breites Sortiment an umweltfreundlichen B\u00fcroartikeln, M\u00f6beln und Reinigungsmitteln, die sie \u00fcber ihren Online-Shop und ihren Katalog vertreibt. Die Firma ist darauf bedacht, umweltfreundliche Gesch\u00e4ftspraktiken zu f\u00f6rdern und bietet ihren Kunden die M\u00f6glichkeit, nachhaltige Produkte f\u00fcr den B\u00fcrobedarf zu erwerben.<\/p>\t\t\t\t\t\t\t\t<\/div>\n\t\t\t\t<\/div>\n\t\t\t\t<\/div>\n\t\t\t\t\t<\/div>\n\t\t\t\t<\/div>\n\t\t<div class=\"elementor-element elementor-element-d334eef e-flex e-con-boxed wpr-particle-no wpr-jarallax-no wpr-parallax-no wpr-equal-height-no e-con e-parent\" data-id=\"d334eef\" data-element_type=\"container\" data-e-type=\"container\" data-settings=\"{&quot;background_background&quot;:&quot;classic&quot;}\">\n\t\t\t\t\t<div class=\"e-con-inner\">\n\t\t\t\t<div class=\"elementor-element elementor-element-28d263b elementor-widget elementor-widget-spacer\" data-id=\"28d263b\" data-element_type=\"widget\" data-e-type=\"widget\" data-widget_type=\"spacer.default\">\n\t\t\t\t<div class=\"elementor-widget-container\">\n\t\t\t\t\t\t\t<div class=\"elementor-spacer\">\n\t\t\t<div class=\"elementor-spacer-inner\"><\/div>\n\t\t<\/div>\n\t\t\t\t\t\t<\/div>\n\t\t\t\t<\/div>\n\t\t\t\t\t<\/div>\n\t\t\t\t<\/div>\n\t\t<div class=\"elementor-element elementor-element-9fa4689 e-flex e-con-boxed wpr-particle-no wpr-jarallax-no wpr-parallax-no wpr-equal-height-no e-con e-parent\" data-id=\"9fa4689\" data-element_type=\"container\" data-e-type=\"container\" data-settings=\"{&quot;background_background&quot;:&quot;classic&quot;}\">\n\t\t\t\t\t<div class=\"e-con-inner\">\n\t\t\t\t<div class=\"elementor-element elementor-element-36113d0 elementor-widget elementor-widget-spacer\" data-id=\"36113d0\" data-element_type=\"widget\" data-e-type=\"widget\" data-widget_type=\"spacer.default\">\n\t\t\t\t<div class=\"elementor-widget-container\">\n\t\t\t\t\t\t\t<div class=\"elementor-spacer\">\n\t\t\t<div class=\"elementor-spacer-inner\"><\/div>\n\t\t<\/div>\n\t\t\t\t\t\t<\/div>\n\t\t\t\t<\/div>\n\t\t\t\t\t<\/div>\n\t\t\t\t<\/div>\n\t\t<div class=\"elementor-element elementor-element-59de145 e-flex e-con-boxed wpr-particle-no wpr-jarallax-no wpr-parallax-no wpr-equal-height-no e-con e-parent\" data-id=\"59de145\" data-element_type=\"container\" data-e-type=\"container\" data-settings=\"{&quot;background_background&quot;:&quot;classic&quot;}\">\n\t\t\t\t\t<div class=\"e-con-inner\">\n\t\t<div class=\"elementor-element elementor-element-80d7991 e-con-full e-flex wpr-particle-no wpr-jarallax-no wpr-parallax-no wpr-equal-height-no e-con e-child\" data-id=\"80d7991\" data-element_type=\"container\" data-e-type=\"container\">\n\t\t\t\t<div class=\"elementor-element elementor-element-c056cc0 elementor-widget elementor-widget-image\" data-id=\"c056cc0\" data-element_type=\"widget\" data-e-type=\"widget\" data-widget_type=\"image.default\">\n\t\t\t\t<div class=\"elementor-widget-container\">\n\t\t\t\t\t\t\t\t\t\t\t\t\t\t\t<img loading=\"lazy\" decoding=\"async\" width=\"800\" height=\"530\" src=\"https:\/\/b2bdesign.de\/wp-content\/uploads\/2024\/03\/memo-logo-details-1.jpg\" class=\"attachment-large size-large wp-image-7428\" alt=\"\" srcset=\"https:\/\/b2bdesign.de\/wp-content\/uploads\/2024\/03\/memo-logo-details-1.jpg 1024w, https:\/\/b2bdesign.de\/wp-content\/uploads\/2024\/03\/memo-logo-details-1-300x199.jpg 300w, https:\/\/b2bdesign.de\/wp-content\/uploads\/2024\/03\/memo-logo-details-1-768x509.jpg 768w, https:\/\/b2bdesign.de\/wp-content\/uploads\/2024\/03\/memo-logo-details-1-18x12.jpg 18w\" sizes=\"(max-width: 800px) 100vw, 800px\" \/>\t\t\t\t\t\t\t\t\t\t\t\t\t\t\t<\/div>\n\t\t\t\t<\/div>\n\t\t\t\t<\/div>\n\t\t<div class=\"elementor-element elementor-element-bd4c513 e-con-full e-flex wpr-particle-no wpr-jarallax-no wpr-parallax-no wpr-equal-height-no e-con e-child\" data-id=\"bd4c513\" data-element_type=\"container\" data-e-type=\"container\">\n\t\t\t\t<div class=\"elementor-element elementor-element-b71eb63 elementor-widget elementor-widget-heading\" data-id=\"b71eb63\" data-element_type=\"widget\" data-e-type=\"widget\" data-widget_type=\"heading.default\">\n\t\t\t\t<div class=\"elementor-widget-container\">\n\t\t\t\t\t<h2 class=\"elementor-heading-title elementor-size-default\">Logo der memo AG<\/h2>\t\t\t\t<\/div>\n\t\t\t\t<\/div>\n\t\t\t\t<div class=\"elementor-element elementor-element-95b20fb elementor-widget elementor-widget-text-editor\" data-id=\"95b20fb\" data-element_type=\"widget\" data-e-type=\"widget\" data-widget_type=\"text-editor.default\">\n\t\t\t\t<div class=\"elementor-widget-container\">\n\t\t\t\t\t\t\t\t\t<p>Einige Unterschiede fallen auf, wie das offene &#8220;e&#8221;. Bei den &#8220;alten&#8221; Logos schlie\u00dft der Mittelsteg beim &#8220;e&#8221; nicht und l\u00e4sst eine interessante L\u00fccke. Im neuen Logo ist der Buchstabe dagegen unver\u00e4ndert geblieben und schlie\u00dft.<\/p><p>Was auch auff\u00e4llt ist die Laufweite der Buchstaben. Der Abstand zwischen den Buchstaben ist deutlich gr\u00f6\u00dfer geworden und l\u00e4sst die Schrift dadurch leichter und weniger gequetscht wirken. Gef\u00fchlt wirkte das offene &#8220;e&#8221; besser.<\/p><h4 data-section-id=\"g2iayl\" data-start=\"2011\" data-end=\"2053\">\u00a0<\/h4><h4 data-section-id=\"g2iayl\" data-start=\"2011\" data-end=\"2053\"><strong>Einordnung aus Marken-\/Agentur-Sicht<\/strong><\/h4><p>Funktioniert gut in:<\/p><ul><li>App<\/li><li>Social<\/li><li>Mobile UX<\/li><\/ul><h4 data-section-id=\"1gsoqsn\" data-start=\"866\" data-end=\"881\">\u00a0<\/h4><h4 data-section-id=\"1gsoqsn\" data-start=\"866\" data-end=\"881\"><strong>Farbwelt<\/strong><\/h4><p>Das warme Orange wirkt:<\/p><ul><li><strong data-start=\"912\" data-end=\"926\">freundlich<\/strong><\/li><li><strong data-start=\"931\" data-end=\"946\">aktivierend<\/strong><\/li><li>weniger belehrend als klassisches Gr\u00fcn<\/li><\/ul><h4 data-section-id=\"8n6m8i\" data-start=\"1268\" data-end=\"1299\">\u00a0<\/h4><h4 data-section-id=\"8n6m8i\" data-start=\"1268\" data-end=\"1299\"><strong>Massive Austauschbarkeit<\/strong><\/h4><p data-start=\"1300\" data-end=\"1325\">Das ist der gr\u00f6\u00dfte Punkt:<\/p><p data-start=\"1327\" data-end=\"1369\"><strong>Das Logo k\u00f6nnte genauso gut geh\u00f6ren zu:<\/strong><\/p><ul data-start=\"1370\" data-end=\"1431\"><li data-section-id=\"zlkwft\" data-start=\"1370\" data-end=\"1385\">einem Fintech<\/li><li data-section-id=\"t9qi25\" data-start=\"1386\" data-end=\"1410\">einer D2C-Beauty-Brand<\/li><li data-section-id=\"1ii894\" data-start=\"1411\" data-end=\"1431\">einem Food-Startup<\/li><\/ul><p data-start=\"1433\" data-end=\"1536\">\u00a0<\/p><p data-start=\"1433\" data-end=\"1536\"><strong data-start=\"1433\" data-end=\"1445\">Problem:<\/strong><br \/>Die Kern-DNA von memo (radikale Nachhaltigkeit) ist <strong data-start=\"1498\" data-end=\"1535\">visuell nicht mehr klar erkennbar<\/strong>.<\/p>\t\t\t\t\t\t\t\t<\/div>\n\t\t\t\t<\/div>\n\t\t\t\t<\/div>\n\t\t\t\t\t<\/div>\n\t\t\t\t<\/div>\n\t\t<div class=\"elementor-element elementor-element-500f4dd e-flex e-con-boxed wpr-particle-no wpr-jarallax-no wpr-parallax-no wpr-equal-height-no e-con e-parent\" data-id=\"500f4dd\" data-element_type=\"container\" data-e-type=\"container\" data-settings=\"{&quot;background_background&quot;:&quot;classic&quot;}\">\n\t\t\t\t\t<div class=\"e-con-inner\">\n\t\t\t\t<div class=\"elementor-element elementor-element-e234d0a elementor-widget elementor-widget-spacer\" data-id=\"e234d0a\" data-element_type=\"widget\" data-e-type=\"widget\" data-widget_type=\"spacer.default\">\n\t\t\t\t<div class=\"elementor-widget-container\">\n\t\t\t\t\t\t\t<div class=\"elementor-spacer\">\n\t\t\t<div class=\"elementor-spacer-inner\"><\/div>\n\t\t<\/div>\n\t\t\t\t\t\t<\/div>\n\t\t\t\t<\/div>\n\t\t\t\t\t<\/div>\n\t\t\t\t<\/div>\n\t\t<div class=\"elementor-element elementor-element-59662c2 e-flex e-con-boxed wpr-particle-no wpr-jarallax-no wpr-parallax-no wpr-equal-height-no e-con e-parent\" data-id=\"59662c2\" data-element_type=\"container\" data-e-type=\"container\" data-settings=\"{&quot;background_background&quot;:&quot;classic&quot;}\">\n\t\t\t\t\t<div class=\"e-con-inner\">\n\t\t\t\t<div class=\"elementor-element elementor-element-4ed866f elementor-widget elementor-widget-spacer\" data-id=\"4ed866f\" data-element_type=\"widget\" data-e-type=\"widget\" data-widget_type=\"spacer.default\">\n\t\t\t\t<div class=\"elementor-widget-container\">\n\t\t\t\t\t\t\t<div class=\"elementor-spacer\">\n\t\t\t<div class=\"elementor-spacer-inner\"><\/div>\n\t\t<\/div>\n\t\t\t\t\t\t<\/div>\n\t\t\t\t<\/div>\n\t\t\t\t\t<\/div>\n\t\t\t\t<\/div>\n\t\t<div class=\"elementor-element elementor-element-b179509 e-flex e-con-boxed wpr-particle-no wpr-jarallax-no wpr-parallax-no wpr-equal-height-no e-con e-parent\" data-id=\"b179509\" data-element_type=\"container\" data-e-type=\"container\">\n\t\t\t\t\t<div class=\"e-con-inner\">\n\t\t\t\t<div class=\"elementor-element elementor-element-724421d elementor-widget__width-initial elementor-widget elementor-widget-text-editor\" data-id=\"724421d\" data-element_type=\"widget\" data-e-type=\"widget\" data-widget_type=\"text-editor.default\">\n\t\t\t\t<div class=\"elementor-widget-container\">\n\t\t\t\t\t\t\t\t\t<h3>Fazit<\/h3><p>Das neue Logo wirkt frisch, allerdings ist nicht sofort erkennbar, worum es eigentlich geht. W\u00e4hrend Personen, die die memo AG kennen, dies am Namen erkennen k\u00f6nnen, k\u00f6nnte es f\u00fcr Fremde schwierig sein, zu verstehen, was die memo AG tats\u00e4chlich macht.<\/p><p>Subjektiv betrachtet ist es keine mutige Ver\u00e4nderung, aber eine passende.<\/p>\t\t\t\t\t\t\t\t<\/div>\n\t\t\t\t<\/div>\n\t\t\t\t<div class=\"elementor-element elementor-element-4096c70 elementor-widget elementor-widget-spacer\" data-id=\"4096c70\" data-element_type=\"widget\" data-e-type=\"widget\" data-widget_type=\"spacer.default\">\n\t\t\t\t<div class=\"elementor-widget-container\">\n\t\t\t\t\t\t\t<div class=\"elementor-spacer\">\n\t\t\t<div class=\"elementor-spacer-inner\"><\/div>\n\t\t<\/div>\n\t\t\t\t\t\t<\/div>\n\t\t\t\t<\/div>\n\t\t\t\t\t<\/div>\n\t\t\t\t<\/div>\n\t\t<div class=\"elementor-element elementor-element-af80c24 e-flex e-con-boxed wpr-particle-no wpr-jarallax-no wpr-parallax-no wpr-equal-height-no e-con e-parent\" data-id=\"af80c24\" data-element_type=\"container\" data-e-type=\"container\">\n\t\t\t\t\t<div class=\"e-con-inner\">\n\t\t\t\t<div class=\"elementor-element elementor-element-d112156 elementor-widget elementor-widget-spacer\" data-id=\"d112156\" data-element_type=\"widget\" data-e-type=\"widget\" data-widget_type=\"spacer.default\">\n\t\t\t\t<div class=\"elementor-widget-container\">\n\t\t\t\t\t\t\t<div class=\"elementor-spacer\">\n\t\t\t<div class=\"elementor-spacer-inner\"><\/div>\n\t\t<\/div>\n\t\t\t\t\t\t<\/div>\n\t\t\t\t<\/div>\n\t\t\t\t\t<\/div>\n\t\t\t\t<\/div>\n\t\t\t\t<\/div>","protected":false},"excerpt":{"rendered":"<p>Die memo AG pr\u00e4sentiert sich im neuen Design. Aufmerksame Beobachter werden feststellen, dass das Unternehmen aus Greu\u00dfenheim ein neues Logo hat. Das neue Logo ist eine stilisierte Wortmarke und spielt geschickt mit den Buchstaben \u201em\u201c.<\/p>","protected":false},"author":1,"featured_media":7406,"comment_status":"closed","ping_status":"open","sticky":false,"template":"","format":"standard","meta":{"content-type":"","footnotes":""},"categories":[5],"tags":[],"class_list":["post-7404","post","type-post","status-publish","format-standard","has-post-thumbnail","hentry","category-good-to-know"],"yoast_head":"<!-- This site is optimized with the Yoast SEO plugin v27.4 - https:\/\/yoast.com\/product\/yoast-seo-wordpress\/ -->\n<title>Neues Logo memo AG - b2b design Werbe- und Marketing Agentur<\/title>\n<meta name=\"robots\" content=\"index, follow, max-snippet:-1, max-image-preview:large, max-video-preview:-1\" \/>\n<link rel=\"canonical\" href=\"https:\/\/b2bdesign.de\/en\/neues-logo-memo-ag\/\" \/>\n<meta property=\"og:locale\" content=\"en_GB\" \/>\n<meta property=\"og:type\" content=\"article\" \/>\n<meta property=\"og:title\" content=\"Neues Logo memo AG - b2b design Werbe- und Marketing Agentur\" \/>\n<meta property=\"og:description\" content=\"Die memo AG pr\u00e4sentiert sich im neuen Design. Aufmerksame Beobachter werden feststellen, dass das Unternehmen aus Greu\u00dfenheim ein neues Logo hat. Das neue Logo ist eine stilisierte Wortmarke und spielt geschickt mit den Buchstaben \u201em\u201c.\" \/>\n<meta property=\"og:url\" content=\"https:\/\/b2bdesign.de\/en\/neues-logo-memo-ag\/\" \/>\n<meta property=\"og:site_name\" content=\"b2b design Werbe- und Marketing Agentur\" \/>\n<meta property=\"article:published_time\" content=\"2026-04-28T14:46:20+00:00\" \/>\n<meta property=\"article:modified_time\" content=\"2026-04-29T06:24:57+00:00\" \/>\n<meta property=\"og:image\" content=\"https:\/\/b2bdesign.de\/wp-content\/uploads\/2024\/03\/memo-logo.jpg\" \/>\n\t<meta property=\"og:image:width\" content=\"1024\" \/>\n\t<meta property=\"og:image:height\" content=\"477\" \/>\n\t<meta property=\"og:image:type\" content=\"image\/jpeg\" \/>\n<meta name=\"author\" content=\"b2b design\" \/>\n<meta name=\"twitter:card\" content=\"summary_large_image\" \/>\n<meta name=\"twitter:label1\" content=\"Written by\" \/>\n\t<meta name=\"twitter:data1\" content=\"b2b design\" \/>\n\t<meta name=\"twitter:label2\" content=\"Estimated reading time\" \/>\n\t<meta name=\"twitter:data2\" content=\"4 minutes\" \/>\n<script type=\"application\/ld+json\" class=\"yoast-schema-graph\">{\"@context\":\"https:\\\/\\\/schema.org\",\"@graph\":[{\"@type\":\"Article\",\"@id\":\"https:\\\/\\\/b2bdesign.de\\\/neues-logo-memo-ag\\\/#article\",\"isPartOf\":{\"@id\":\"https:\\\/\\\/b2bdesign.de\\\/neues-logo-memo-ag\\\/\"},\"author\":{\"name\":\"b2b design\",\"@id\":\"https:\\\/\\\/b2bdesign.de\\\/#\\\/schema\\\/person\\\/529f71dd5ffe4befa07da37f796bf9f2\"},\"headline\":\"Neues Logo memo AG\",\"datePublished\":\"2026-04-28T14:46:20+00:00\",\"dateModified\":\"2026-04-29T06:24:57+00:00\",\"mainEntityOfPage\":{\"@id\":\"https:\\\/\\\/b2bdesign.de\\\/neues-logo-memo-ag\\\/\"},\"wordCount\":512,\"publisher\":{\"@id\":\"https:\\\/\\\/b2bdesign.de\\\/#organization\"},\"image\":{\"@id\":\"https:\\\/\\\/b2bdesign.de\\\/neues-logo-memo-ag\\\/#primaryimage\"},\"thumbnailUrl\":\"https:\\\/\\\/b2bdesign.de\\\/wp-content\\\/uploads\\\/2024\\\/03\\\/memo-logo.jpg\",\"articleSection\":[\"Good to know\"],\"inLanguage\":\"en-GB\"},{\"@type\":\"WebPage\",\"@id\":\"https:\\\/\\\/b2bdesign.de\\\/neues-logo-memo-ag\\\/\",\"url\":\"https:\\\/\\\/b2bdesign.de\\\/neues-logo-memo-ag\\\/\",\"name\":\"Neues Logo memo AG - b2b design Werbe- und Marketing Agentur\",\"isPartOf\":{\"@id\":\"https:\\\/\\\/b2bdesign.de\\\/#website\"},\"primaryImageOfPage\":{\"@id\":\"https:\\\/\\\/b2bdesign.de\\\/neues-logo-memo-ag\\\/#primaryimage\"},\"image\":{\"@id\":\"https:\\\/\\\/b2bdesign.de\\\/neues-logo-memo-ag\\\/#primaryimage\"},\"thumbnailUrl\":\"https:\\\/\\\/b2bdesign.de\\\/wp-content\\\/uploads\\\/2024\\\/03\\\/memo-logo.jpg\",\"datePublished\":\"2026-04-28T14:46:20+00:00\",\"dateModified\":\"2026-04-29T06:24:57+00:00\",\"breadcrumb\":{\"@id\":\"https:\\\/\\\/b2bdesign.de\\\/neues-logo-memo-ag\\\/#breadcrumb\"},\"inLanguage\":\"en-GB\",\"potentialAction\":[{\"@type\":\"ReadAction\",\"target\":[\"https:\\\/\\\/b2bdesign.de\\\/neues-logo-memo-ag\\\/\"]}]},{\"@type\":\"ImageObject\",\"inLanguage\":\"en-GB\",\"@id\":\"https:\\\/\\\/b2bdesign.de\\\/neues-logo-memo-ag\\\/#primaryimage\",\"url\":\"https:\\\/\\\/b2bdesign.de\\\/wp-content\\\/uploads\\\/2024\\\/03\\\/memo-logo.jpg\",\"contentUrl\":\"https:\\\/\\\/b2bdesign.de\\\/wp-content\\\/uploads\\\/2024\\\/03\\\/memo-logo.jpg\",\"width\":1024,\"height\":477},{\"@type\":\"BreadcrumbList\",\"@id\":\"https:\\\/\\\/b2bdesign.de\\\/neues-logo-memo-ag\\\/#breadcrumb\",\"itemListElement\":[{\"@type\":\"ListItem\",\"position\":1,\"name\":\"Startseite\",\"item\":\"https:\\\/\\\/b2bdesign.de\\\/\"},{\"@type\":\"ListItem\",\"position\":2,\"name\":\"Neues Logo memo AG\"}]},{\"@type\":\"WebSite\",\"@id\":\"https:\\\/\\\/b2bdesign.de\\\/#website\",\"url\":\"https:\\\/\\\/b2bdesign.de\\\/\",\"name\":\"b2b design Werbe- und Marketing Agentur\",\"description\":\"\",\"publisher\":{\"@id\":\"https:\\\/\\\/b2bdesign.de\\\/#organization\"},\"potentialAction\":[{\"@type\":\"SearchAction\",\"target\":{\"@type\":\"EntryPoint\",\"urlTemplate\":\"https:\\\/\\\/b2bdesign.de\\\/?s={search_term_string}\"},\"query-input\":{\"@type\":\"PropertyValueSpecification\",\"valueRequired\":true,\"valueName\":\"search_term_string\"}}],\"inLanguage\":\"en-GB\"},{\"@type\":\"Organization\",\"@id\":\"https:\\\/\\\/b2bdesign.de\\\/#organization\",\"name\":\"b2b design e.K.\",\"url\":\"https:\\\/\\\/b2bdesign.de\\\/\",\"logo\":{\"@type\":\"ImageObject\",\"inLanguage\":\"en-GB\",\"@id\":\"https:\\\/\\\/b2bdesign.de\\\/#\\\/schema\\\/logo\\\/image\\\/\",\"url\":\"https:\\\/\\\/b2bdesign.de\\\/wp-content\\\/uploads\\\/2023\\\/10\\\/b2b-design-logo-webseite-1.svg\",\"contentUrl\":\"https:\\\/\\\/b2bdesign.de\\\/wp-content\\\/uploads\\\/2023\\\/10\\\/b2b-design-logo-webseite-1.svg\",\"width\":100,\"height\":350,\"caption\":\"b2b design e.K.\"},\"image\":{\"@id\":\"https:\\\/\\\/b2bdesign.de\\\/#\\\/schema\\\/logo\\\/image\\\/\"},\"sameAs\":[\"https:\\\/\\\/www.linkedin.com\\\/company\\\/b2b-design\",\"https:\\\/\\\/www.instagram.com\\\/b2bdesign2017\\\/\",\"https:\\\/\\\/www.youtube.com\\\/channel\\\/UCOyMQ8GywgDAvFhodpaJk7Q\"]},{\"@type\":\"Person\",\"@id\":\"https:\\\/\\\/b2bdesign.de\\\/#\\\/schema\\\/person\\\/529f71dd5ffe4befa07da37f796bf9f2\",\"name\":\"b2b design\",\"image\":{\"@type\":\"ImageObject\",\"inLanguage\":\"en-GB\",\"@id\":\"https:\\\/\\\/secure.gravatar.com\\\/avatar\\\/f1c9952c41b727e5efa0dd7198a6bab32ba0d7ceb2d8f5292e054724a1cc0be2?s=96&d=mm&r=g\",\"url\":\"https:\\\/\\\/secure.gravatar.com\\\/avatar\\\/f1c9952c41b727e5efa0dd7198a6bab32ba0d7ceb2d8f5292e054724a1cc0be2?s=96&d=mm&r=g\",\"contentUrl\":\"https:\\\/\\\/secure.gravatar.com\\\/avatar\\\/f1c9952c41b727e5efa0dd7198a6bab32ba0d7ceb2d8f5292e054724a1cc0be2?s=96&d=mm&r=g\",\"caption\":\"b2b design\"},\"sameAs\":[\"http:\\\/\\\/neuevielcoolerewebseite.b2bdesign.de\"],\"url\":\"https:\\\/\\\/b2bdesign.de\\\/en\\\/author\\\/admin\\\/\"}]}<\/script>\n<!-- \/ Yoast SEO plugin. -->","yoast_head_json":{"title":"Neues Logo memo AG - b2b design Werbe- und Marketing Agentur","robots":{"index":"index","follow":"follow","max-snippet":"max-snippet:-1","max-image-preview":"max-image-preview:large","max-video-preview":"max-video-preview:-1"},"canonical":"https:\/\/b2bdesign.de\/en\/neues-logo-memo-ag\/","og_locale":"en_GB","og_type":"article","og_title":"Neues Logo memo AG - b2b design Werbe- und Marketing Agentur","og_description":"Die memo AG pr\u00e4sentiert sich im neuen Design. Aufmerksame Beobachter werden feststellen, dass das Unternehmen aus Greu\u00dfenheim ein neues Logo hat. Das neue Logo ist eine stilisierte Wortmarke und spielt geschickt mit den Buchstaben \u201em\u201c.","og_url":"https:\/\/b2bdesign.de\/en\/neues-logo-memo-ag\/","og_site_name":"b2b design Werbe- und Marketing Agentur","article_published_time":"2026-04-28T14:46:20+00:00","article_modified_time":"2026-04-29T06:24:57+00:00","og_image":[{"width":1024,"height":477,"url":"https:\/\/b2bdesign.de\/wp-content\/uploads\/2024\/03\/memo-logo.jpg","type":"image\/jpeg"}],"author":"b2b design","twitter_card":"summary_large_image","twitter_misc":{"Written by":"b2b design","Estimated reading time":"4 minutes"},"schema":{"@context":"https:\/\/schema.org","@graph":[{"@type":"Article","@id":"https:\/\/b2bdesign.de\/neues-logo-memo-ag\/#article","isPartOf":{"@id":"https:\/\/b2bdesign.de\/neues-logo-memo-ag\/"},"author":{"name":"b2b design","@id":"https:\/\/b2bdesign.de\/#\/schema\/person\/529f71dd5ffe4befa07da37f796bf9f2"},"headline":"Neues Logo memo AG","datePublished":"2026-04-28T14:46:20+00:00","dateModified":"2026-04-29T06:24:57+00:00","mainEntityOfPage":{"@id":"https:\/\/b2bdesign.de\/neues-logo-memo-ag\/"},"wordCount":512,"publisher":{"@id":"https:\/\/b2bdesign.de\/#organization"},"image":{"@id":"https:\/\/b2bdesign.de\/neues-logo-memo-ag\/#primaryimage"},"thumbnailUrl":"https:\/\/b2bdesign.de\/wp-content\/uploads\/2024\/03\/memo-logo.jpg","articleSection":["Good to know"],"inLanguage":"en-GB"},{"@type":"WebPage","@id":"https:\/\/b2bdesign.de\/neues-logo-memo-ag\/","url":"https:\/\/b2bdesign.de\/neues-logo-memo-ag\/","name":"Neues Logo memo AG - b2b design Werbe- und Marketing Agentur","isPartOf":{"@id":"https:\/\/b2bdesign.de\/#website"},"primaryImageOfPage":{"@id":"https:\/\/b2bdesign.de\/neues-logo-memo-ag\/#primaryimage"},"image":{"@id":"https:\/\/b2bdesign.de\/neues-logo-memo-ag\/#primaryimage"},"thumbnailUrl":"https:\/\/b2bdesign.de\/wp-content\/uploads\/2024\/03\/memo-logo.jpg","datePublished":"2026-04-28T14:46:20+00:00","dateModified":"2026-04-29T06:24:57+00:00","breadcrumb":{"@id":"https:\/\/b2bdesign.de\/neues-logo-memo-ag\/#breadcrumb"},"inLanguage":"en-GB","potentialAction":[{"@type":"ReadAction","target":["https:\/\/b2bdesign.de\/neues-logo-memo-ag\/"]}]},{"@type":"ImageObject","inLanguage":"en-GB","@id":"https:\/\/b2bdesign.de\/neues-logo-memo-ag\/#primaryimage","url":"https:\/\/b2bdesign.de\/wp-content\/uploads\/2024\/03\/memo-logo.jpg","contentUrl":"https:\/\/b2bdesign.de\/wp-content\/uploads\/2024\/03\/memo-logo.jpg","width":1024,"height":477},{"@type":"BreadcrumbList","@id":"https:\/\/b2bdesign.de\/neues-logo-memo-ag\/#breadcrumb","itemListElement":[{"@type":"ListItem","position":1,"name":"Startseite","item":"https:\/\/b2bdesign.de\/"},{"@type":"ListItem","position":2,"name":"Neues Logo memo AG"}]},{"@type":"WebSite","@id":"https:\/\/b2bdesign.de\/#website","url":"https:\/\/b2bdesign.de\/","name":"b2b design Werbe- und Marketing Agentur","description":"","publisher":{"@id":"https:\/\/b2bdesign.de\/#organization"},"potentialAction":[{"@type":"SearchAction","target":{"@type":"EntryPoint","urlTemplate":"https:\/\/b2bdesign.de\/?s={search_term_string}"},"query-input":{"@type":"PropertyValueSpecification","valueRequired":true,"valueName":"search_term_string"}}],"inLanguage":"en-GB"},{"@type":"Organization","@id":"https:\/\/b2bdesign.de\/#organization","name":"b2b design e.K.","url":"https:\/\/b2bdesign.de\/","logo":{"@type":"ImageObject","inLanguage":"en-GB","@id":"https:\/\/b2bdesign.de\/#\/schema\/logo\/image\/","url":"https:\/\/b2bdesign.de\/wp-content\/uploads\/2023\/10\/b2b-design-logo-webseite-1.svg","contentUrl":"https:\/\/b2bdesign.de\/wp-content\/uploads\/2023\/10\/b2b-design-logo-webseite-1.svg","width":100,"height":350,"caption":"b2b design e.K."},"image":{"@id":"https:\/\/b2bdesign.de\/#\/schema\/logo\/image\/"},"sameAs":["https:\/\/www.linkedin.com\/company\/b2b-design","https:\/\/www.instagram.com\/b2bdesign2017\/","https:\/\/www.youtube.com\/channel\/UCOyMQ8GywgDAvFhodpaJk7Q"]},{"@type":"Person","@id":"https:\/\/b2bdesign.de\/#\/schema\/person\/529f71dd5ffe4befa07da37f796bf9f2","name":"b2b design","image":{"@type":"ImageObject","inLanguage":"en-GB","@id":"https:\/\/secure.gravatar.com\/avatar\/f1c9952c41b727e5efa0dd7198a6bab32ba0d7ceb2d8f5292e054724a1cc0be2?s=96&d=mm&r=g","url":"https:\/\/secure.gravatar.com\/avatar\/f1c9952c41b727e5efa0dd7198a6bab32ba0d7ceb2d8f5292e054724a1cc0be2?s=96&d=mm&r=g","contentUrl":"https:\/\/secure.gravatar.com\/avatar\/f1c9952c41b727e5efa0dd7198a6bab32ba0d7ceb2d8f5292e054724a1cc0be2?s=96&d=mm&r=g","caption":"b2b design"},"sameAs":["http:\/\/neuevielcoolerewebseite.b2bdesign.de"],"url":"https:\/\/b2bdesign.de\/en\/author\/admin\/"}]}},"_links":{"self":[{"href":"https:\/\/b2bdesign.de\/en\/wp-json\/wp\/v2\/posts\/7404","targetHints":{"allow":["GET"]}}],"collection":[{"href":"https:\/\/b2bdesign.de\/en\/wp-json\/wp\/v2\/posts"}],"about":[{"href":"https:\/\/b2bdesign.de\/en\/wp-json\/wp\/v2\/types\/post"}],"author":[{"embeddable":true,"href":"https:\/\/b2bdesign.de\/en\/wp-json\/wp\/v2\/users\/1"}],"replies":[{"embeddable":true,"href":"https:\/\/b2bdesign.de\/en\/wp-json\/wp\/v2\/comments?post=7404"}],"version-history":[{"count":50,"href":"https:\/\/b2bdesign.de\/en\/wp-json\/wp\/v2\/posts\/7404\/revisions"}],"predecessor-version":[{"id":17620,"href":"https:\/\/b2bdesign.de\/en\/wp-json\/wp\/v2\/posts\/7404\/revisions\/17620"}],"wp:featuredmedia":[{"embeddable":true,"href":"https:\/\/b2bdesign.de\/en\/wp-json\/wp\/v2\/media\/7406"}],"wp:attachment":[{"href":"https:\/\/b2bdesign.de\/en\/wp-json\/wp\/v2\/media?parent=7404"}],"wp:term":[{"taxonomy":"category","embeddable":true,"href":"https:\/\/b2bdesign.de\/en\/wp-json\/wp\/v2\/categories?post=7404"},{"taxonomy":"post_tag","embeddable":true,"href":"https:\/\/b2bdesign.de\/en\/wp-json\/wp\/v2\/tags?post=7404"}],"curies":[{"name":"wp","href":"https:\/\/api.w.org\/{rel}","templated":true}]}}