{"id":5360,"date":"2024-02-06T16:09:01","date_gmt":"2024-02-06T16:09:01","guid":{"rendered":"https:\/\/b2bdesign.de\/?p=5360"},"modified":"2024-02-06T16:12:24","modified_gmt":"2024-02-06T16:12:24","slug":"projektpraesentation-und-gestaltung-next-level-dank-%ef%a3%bfvisionpro","status":"publish","type":"post","link":"https:\/\/b2bdesign.de\/en\/projektpraesentation-und-gestaltung-next-level-dank-%ef%a3%bfvisionpro\/","title":{"rendered":"Projektpr\u00e4sentation und -gestaltung \u201enext level\u201c &#8211; dank Apple VisionPro"},"content":{"rendered":"<div data-elementor-type=\"wp-post\" data-elementor-id=\"5360\" class=\"elementor elementor-5360\" data-elementor-post-type=\"post\">\n\t\t\t\t<div class=\"elementor-element elementor-element-5bb513a8 e-flex e-con-boxed wpr-particle-no wpr-jarallax-no wpr-parallax-no wpr-equal-height-no e-con e-parent\" data-id=\"5bb513a8\" data-element_type=\"container\" data-e-type=\"container\" data-settings=\"{&quot;background_background&quot;:&quot;classic&quot;}\">\n\t\t\t\t\t<div class=\"e-con-inner\">\n\t\t\t\t<div class=\"elementor-element elementor-element-47446478 premium-nav-slide premium-hidden-icon-yes premium-disable-scroll-yes elementor-fixed elementor-widget-mobile__width-initial elementor-widget__width-initial elementor-hidden-widescreen elementor-hidden-desktop elementor-hidden-tablet_extra elementor-hidden-tablet elementor-hidden-mobile premium-slide-auto elementor-widget elementor-widget-global elementor-global-2040 elementor-widget-premium-nav-menu\" data-id=\"47446478\" data-element_type=\"widget\" data-e-type=\"widget\" data-settings=\"{&quot;_position&quot;:&quot;fixed&quot;,&quot;submenu_icon&quot;:{&quot;value&quot;:&quot;fas fa-angle-down&quot;,&quot;library&quot;:&quot;fa-solid&quot;},&quot;submenu_item_icon&quot;:{&quot;value&quot;:&quot;&quot;,&quot;library&quot;:&quot;&quot;}}\" data-widget_type=\"premium-nav-menu.default\">\n\t\t\t\t<div class=\"elementor-widget-container\">\n\t\t\t\t\t\t\t<div data-settings=\"{&quot;breakpoint&quot;:0,&quot;mobileLayout&quot;:null,&quot;mainLayout&quot;:&quot;slide&quot;,&quot;stretchDropdown&quot;:false,&quot;hoverEffect&quot;:&quot;&quot;,&quot;submenuEvent&quot;:null,&quot;submenuTrigger&quot;:&quot;item&quot;,&quot;closeAfterClick&quot;:true,&quot;renderMobileMenu&quot;:true}\" class=\"premium-nav-widget-container premium-nav-pointer-none\" style=\"visibility:hidden; opacity:0;\">\n\t\t\t<div class=\"premium-ver-inner-container\">\n\t\t\t\t\t\t\t\t\t<div class=\"premium-hamburger-toggle premium-mobile-menu-icon\" role=\"button\" aria-label=\"Toggle Menu\">\n\t\t\t\t\t\t<span class=\"premium-toggle-text\">\n\t\t\t\t\t\t\t<i aria-hidden=\"true\" class=\"fas fa-bars\"><\/i>\t\t\t\t\t\t<\/span>\n\t\t\t\t\t\t<span class=\"premium-toggle-close\">\n\t\t\t\t\t\t\t<i aria-hidden=\"true\" class=\"fas fa-times\"><\/i>\t\t\t\t\t\t<\/span>\n\t\t\t\t\t<\/div>\n\t\t\t\t\t\t\t\t\t\t<div class=\"premium-nav-slide-overlay\"><\/div>\n\t\t\t\t\t<div class=\"premium-mobile-menu-outer-container\">\n\t\t\t\t\t\t<div class=\"premium-mobile-menu-close\" role=\"button\" aria-label=\"Close Menu\">\n\t\t\t\t\t\t\t<i aria-hidden=\"true\" class=\"fas fa-times\"><\/i>\t\t\t\t\t\t\t<span class=\"premium-toggle-close\"><\/span>\n\t\t\t\t\t\t<\/div>\n\t\t\t\t\t\t\t\t\t\t\t\t<div class=\"premium-mobile-menu-container\">\n\t\t\t\t\t\t\t\t\t\t\t\t\t\t\t<ul id=\"menu-hauptmenue-1\" class=\"premium-mobile-menu premium-main-mobile-menu premium-main-nav-menu\"><li id=\"premium-nav-menu-item-80321\" class=\"menu-item menu-item-type-post_type menu-item-object-page premium-nav-menu-item\"><a href=\"https:\/\/b2bdesign.de\/en\/leistungen\/\" class=\"premium-menu-link premium-menu-link-parent premium-lq__none\">Unsere Leistungen<\/a><\/li>\n<li id=\"premium-nav-menu-item-10142\" class=\"menu-item menu-item-type-post_type menu-item-object-page premium-nav-menu-item\"><a href=\"https:\/\/b2bdesign.de\/en\/about-us-alt\/\" class=\"premium-menu-link premium-menu-link-parent premium-lq__none\">Das ist b2b design<\/a><\/li>\n<li id=\"premium-nav-menu-item-18643\" class=\"menu-item menu-item-type-post_type menu-item-object-page premium-nav-menu-item\"><a href=\"https:\/\/b2bdesign.de\/en\/unsere-projekte\/\" class=\"premium-menu-link premium-menu-link-parent premium-lq__none\">Erfolgsgeschichten<\/a><\/li>\n<li id=\"premium-nav-menu-item-14594\" class=\"menu-item menu-item-type-post_type menu-item-object-page premium-nav-menu-item\"><a href=\"https:\/\/b2bdesign.de\/en\/kontakt\/\" class=\"premium-menu-link premium-menu-link-parent premium-lq__none\">\u270b Sag uns Hallo!<\/a><\/li>\n<\/ul>\t\t\t\t\t\t\t\t\t\t\t\t\t\t<\/div>\n\t\t\t\t\t\t<\/div>\t\t\t\t<\/div>\n\t\t\t<\/div>\n\t\t\t\t\t\t\t<\/div>\n\t\t\t\t<\/div>\n\t\t\t\t<div class=\"elementor-element elementor-element-227f7092 elementor-headline--style-highlight elementor-widget elementor-widget-animated-headline\" data-id=\"227f7092\" data-element_type=\"widget\" data-e-type=\"widget\" data-settings=\"{&quot;marker&quot;:&quot;underline_zigzag&quot;,&quot;highlighted_text&quot;:&quot;news for thee&quot;,&quot;headline_style&quot;:&quot;highlight&quot;,&quot;loop&quot;:&quot;yes&quot;,&quot;highlight_animation_duration&quot;:1200,&quot;highlight_iteration_delay&quot;:8000}\" data-widget_type=\"animated-headline.default\">\n\t\t\t\t<div class=\"elementor-widget-container\">\n\t\t\t\t\t\t\t<h3 class=\"elementor-headline\">\n\t\t\t\t\t<span class=\"elementor-headline-plain-text elementor-headline-text-wrapper\">b2b - <\/span>\n\t\t\t\t<span class=\"elementor-headline-dynamic-wrapper elementor-headline-text-wrapper\">\n\t\t\t\t\t<span class=\"elementor-headline-dynamic-text elementor-headline-text-active\">news for thee<\/span>\n\t\t\t\t<\/span>\n\t\t\t\t<\/h3>\n\t\t\t\t\t\t<\/div>\n\t\t\t\t<\/div>\n\t\t\t\t\t<\/div>\n\t\t\t\t<\/div>\n\t\t<div class=\"elementor-element elementor-element-821e5e4 e-flex e-con-boxed wpr-particle-no wpr-jarallax-no wpr-parallax-no wpr-equal-height-no e-con e-parent\" data-id=\"821e5e4\" data-element_type=\"container\" data-e-type=\"container\">\n\t\t\t\t\t<div class=\"e-con-inner\">\n\t\t\t\t<div class=\"elementor-element elementor-element-959262d elementor-widget elementor-widget-global elementor-global-2367 elementor-widget-breadcrumbs\" data-id=\"959262d\" data-element_type=\"widget\" data-e-type=\"widget\" data-widget_type=\"breadcrumbs.default\">\n\t\t\t\t<div class=\"elementor-widget-container\">\n\t\t\t\t\t<p id=\"breadcrumbs\"><span><span><a href=\"https:\/\/b2bdesign.de\/\">Startseite<\/a><\/span><\/span><\/p>\t\t\t\t<\/div>\n\t\t\t\t<\/div>\n\t\t\t\t<div class=\"elementor-element elementor-element-3e9bd4ba elementor-widget elementor-widget-spacer\" data-id=\"3e9bd4ba\" data-element_type=\"widget\" data-e-type=\"widget\" data-widget_type=\"spacer.default\">\n\t\t\t\t<div class=\"elementor-widget-container\">\n\t\t\t\t\t\t\t<div class=\"elementor-spacer\">\n\t\t\t<div class=\"elementor-spacer-inner\"><\/div>\n\t\t<\/div>\n\t\t\t\t\t\t<\/div>\n\t\t\t\t<\/div>\n\t\t\t\t\t<\/div>\n\t\t\t\t<\/div>\n\t\t<div class=\"elementor-element elementor-element-5e7f9bd1 e-flex e-con-boxed wpr-particle-no wpr-jarallax-no wpr-parallax-no wpr-equal-height-no e-con e-parent\" data-id=\"5e7f9bd1\" data-element_type=\"container\" data-e-type=\"container\">\n\t\t\t\t\t<div class=\"e-con-inner\">\n\t\t<div class=\"elementor-element elementor-element-90a57ed e-con-full e-flex wpr-particle-no wpr-jarallax-no wpr-parallax-no wpr-equal-height-no e-con e-child\" data-id=\"90a57ed\" data-element_type=\"container\" data-e-type=\"container\">\n\t\t\t\t<div class=\"elementor-element elementor-element-25964326 elementor-widget elementor-widget-wpr-post-title\" data-id=\"25964326\" data-element_type=\"widget\" data-e-type=\"widget\" data-widget_type=\"wpr-post-title.default\">\n\t\t\t\t<div class=\"elementor-widget-container\">\n\t\t\t\t\t<h1 class=\"wpr-post-title\">Projektpr\u00e4sentation und -gestaltung \u201enext level\u201c &#8211; dank Apple VisionPro<\/h1>\t\t\t\t<\/div>\n\t\t\t\t<\/div>\n\t\t\t\t<div class=\"elementor-element elementor-element-508380a9 wpr-post-info-align-left elementor-widget elementor-widget-wpr-post-info\" data-id=\"508380a9\" data-element_type=\"widget\" data-e-type=\"widget\" data-widget_type=\"wpr-post-info.default\">\n\t\t\t\t<div class=\"elementor-widget-container\">\n\t\t\t\t\t<ul class=\"wpr-post-info wpr-post-info-vertical\"><li class=\"wpr-post-info-taxonomy\"><a href=\"https:\/\/b2bdesign.de\/en\/category\/good-to-know\/\">Good to know<span class=\"tax-sep\">,  <\/span><\/a><a href=\"https:\/\/b2bdesign.de\/en\/category\/news-aus-der-agentur\/\">News aus der Agentur<\/a><\/li><li class=\"wpr-post-info-date\"><span>February 6, 2024<\/span><\/li><\/ul>\t\t\t\t<\/div>\n\t\t\t\t<\/div>\n\t\t\t\t<\/div>\n\t\t<div class=\"elementor-element elementor-element-211b337c e-con-full e-flex wpr-particle-no wpr-jarallax-no wpr-parallax-no wpr-equal-height-no e-con e-child\" data-id=\"211b337c\" data-element_type=\"container\" data-e-type=\"container\">\n\t\t\t\t<div class=\"elementor-element elementor-element-e2e27e0 elementor-widget elementor-widget-image\" data-id=\"e2e27e0\" data-element_type=\"widget\" data-e-type=\"widget\" data-widget_type=\"image.default\">\n\t\t\t\t<div class=\"elementor-widget-container\">\n\t\t\t\t\t\t\t\t\t\t\t\t\t\t\t<img fetchpriority=\"high\" decoding=\"async\" width=\"800\" height=\"450\" src=\"https:\/\/b2bdesign.de\/wp-content\/uploads\/2024\/02\/ulli-vision-pro-1024x576.jpg\" class=\"attachment-large size-large wp-image-5362\" alt=\"\" srcset=\"https:\/\/b2bdesign.de\/wp-content\/uploads\/2024\/02\/ulli-vision-pro-1024x576.jpg 1024w, https:\/\/b2bdesign.de\/wp-content\/uploads\/2024\/02\/ulli-vision-pro-300x169.jpg 300w, https:\/\/b2bdesign.de\/wp-content\/uploads\/2024\/02\/ulli-vision-pro-768x432.jpg 768w, https:\/\/b2bdesign.de\/wp-content\/uploads\/2024\/02\/ulli-vision-pro-1536x864.jpg 1536w, https:\/\/b2bdesign.de\/wp-content\/uploads\/2024\/02\/ulli-vision-pro-18x10.jpg 18w, https:\/\/b2bdesign.de\/wp-content\/uploads\/2024\/02\/ulli-vision-pro.jpg 1920w\" sizes=\"(max-width: 800px) 100vw, 800px\" \/>\t\t\t\t\t\t\t\t\t\t\t\t\t\t\t<\/div>\n\t\t\t\t<\/div>\n\t\t\t\t<\/div>\n\t\t\t\t\t<\/div>\n\t\t\t\t<\/div>\n\t\t<div class=\"elementor-element elementor-element-2028ef27 e-flex e-con-boxed wpr-particle-no wpr-jarallax-no wpr-parallax-no wpr-equal-height-no e-con e-parent\" data-id=\"2028ef27\" data-element_type=\"container\" data-e-type=\"container\">\n\t\t\t\t\t<div class=\"e-con-inner\">\n\t\t\t\t<div class=\"elementor-element elementor-element-583ea259 elementor-widget elementor-widget-spacer\" data-id=\"583ea259\" data-element_type=\"widget\" data-e-type=\"widget\" data-widget_type=\"spacer.default\">\n\t\t\t\t<div class=\"elementor-widget-container\">\n\t\t\t\t\t\t\t<div class=\"elementor-spacer\">\n\t\t\t<div class=\"elementor-spacer-inner\"><\/div>\n\t\t<\/div>\n\t\t\t\t\t\t<\/div>\n\t\t\t\t<\/div>\n\t\t\t\t<div class=\"elementor-element elementor-element-72a9ae9c elementor-widget__width-initial elementor-widget elementor-widget-text-editor\" data-id=\"72a9ae9c\" data-element_type=\"widget\" data-e-type=\"widget\" data-widget_type=\"text-editor.default\">\n\t\t\t\t<div class=\"elementor-widget-container\">\n\t\t\t\t\t\t\t\t\t<p>Alle sprechen dar\u00fcber, die neue Apple VisionPro, das erste wirkliche \u201eOne More Thing\u201c seit dem iPhone.<\/p><p>Kaufen kann man sie aktuell (leider) nur in den USA. Aber da Apple Geld verdienen m\u00f6chte, wird sie sicherlich auch bald in Deutschland zu kaufen sein.<\/p><p>F\u00fcr uns als Agentur ist die Apple VisionPro mega interessant, da man so den Kunden ihr Projekt in einer ganz neuen und au\u00dfergew\u00f6hnlichen Qualit\u00e4t pr\u00e4sentieren k\u00f6nnte. Nicht nur sehen, sondern erleben.<\/p><p>Die Kunden k\u00f6nnten ihre neue Webseite, das neue Logo oder die Werbekampagne nicht nur sehen, sondern erleben. Eintauchen in die Webseite, in das Video. 360\u00b0 Erlebnis. Sie k\u00f6nnten durch das Logo durchgehen, es mit der eigenen Hand drehen, von allen Seiten anschauen. Oder selbst im Werbevideo stehen\u2026 es wird keine Grenzen geben die eigene Marke wirklich zu erleben<\/p><p>Aktuell sitzen oder stehen die Kunden bei uns in der Agentur und wir pr\u00e4sentieren an einem Monitor was wir wie entwickelt haben und sprechen dar\u00fcber wof\u00fcr was ist. Wir erstellen Mockups damit der Kunde sehen kann wie die Marke wirkt. Aber es ist eben \u201enur\u201c sehen und nicht erleben.<\/p><p>Wir pr\u00e4sentieren schon etwas au\u00dfergew\u00f6hnlicher, wir versuchen ein Erlebnis zu erzeugen, aber mit einer virtuellen Umgebung, die wie echt wirkt &#8211; das ist schon \u201enext level\u201c.<\/p><p>Die Apple VisionPro als Arbeitswerkzeug f\u00fcr unsere Angestellten ist auch ein interessanter Gedanke. Man kann den Monitor vom MacBook auf die VisionPro projektieren bzw. aufnehmen. So k\u00f6nnte man beispielsweise beim Video schneiden oder bei Photoshop direkt arbeiten. Wir sitzen dann nicht mehr wie gefesselt an einem Monitor oder Macbook, wir sind \u201efrei\u201c mit der Brille auf der Nase und k\u00f6nnen \u00fcberall, egal wo, unserer Kreativit\u00e4t freien Raum lassen.<br \/>Das Arbeiten mit der Apple VisionPro auf dem Kopf k\u00f6nnte wahrscheinlicher viel intuitiver sein. Wie ein Handwerker mit den H\u00e4nden. Nicht \u00fcber eine Mouse oder mit einem Trackpad sondern direkt mit den H\u00e4nden erstellen.<\/p><p><strong>Jetzt wird es spekulativ<\/strong><br \/>Man k\u00f6nnte (sollte man die Brillen koppeln k\u00f6nnen) im Team zusammen gestalten bzw. konzipieren. Ein Whiteboard direkt im Auge. Keine Ablenkung etc. Einfach virtuell zusammenstellen.<\/p><p>Nat\u00fcrlich w\u00fcrde es auch Nachteile geben. Stellt euch mal vor, ihr kommt in Euer B\u00fcro oder in Eure Agentur und alle sitzen mit so einer Apple VisionPro auf der Nase am Platz oder stehen im Raum und bewegen ihre H\u00e4nde in einem f\u00fcr den Beobachter nicht sichtbaren Raum als h\u00e4tten sie Anf\u00e4lle. Komische Vorstellung, aber vielleicht doch irgendwann mal die Realit\u00e4t.<\/p><p>Wenn man sieht, wie die \u201eJungen\u201c schon jetzt in der Bahn oder Bus, mit dem Gesicht im Handy klebend, durch die Welt fahren und nichts sehen\u2026 Ist es ja fast schon besser mit der Apple VisionPro. Denn damit kann man auch die Umgebung sehen, wenn man sie nicht ausblendet.<\/p><p>Wir sind sehr gespannt was da auf uns und unsere Kunden zukommt!<\/p><p>Was denkt ihr, wie k\u00f6nnte die VisionPro Euren Arbeitsalltag beeinflussen?<\/p>\t\t\t\t\t\t\t\t<\/div>\n\t\t\t\t<\/div>\n\t\t\t\t<div class=\"elementor-element elementor-element-22c4de44 elementor-widget elementor-widget-spacer\" data-id=\"22c4de44\" data-element_type=\"widget\" data-e-type=\"widget\" data-widget_type=\"spacer.default\">\n\t\t\t\t<div class=\"elementor-widget-container\">\n\t\t\t\t\t\t\t<div class=\"elementor-spacer\">\n\t\t\t<div class=\"elementor-spacer-inner\"><\/div>\n\t\t<\/div>\n\t\t\t\t\t\t<\/div>\n\t\t\t\t<\/div>\n\t\t\t\t\t<\/div>\n\t\t\t\t<\/div>\n\t\t<div class=\"elementor-element elementor-element-699ca973 e-flex e-con-boxed wpr-particle-no wpr-jarallax-no wpr-parallax-no wpr-equal-height-no e-con e-parent\" data-id=\"699ca973\" data-element_type=\"container\" data-e-type=\"container\">\n\t\t\t\t\t<div class=\"e-con-inner\">\n\t\t\t\t\t<\/div>\n\t\t\t\t<\/div>\n\t\t\t\t<\/div>","protected":false},"excerpt":{"rendered":"<p>Unsere Leistungen Die kreativen K\u00f6pfe Kunden Highlights \u270b Sag uns Hallo! b2b &#8211; news for thee Projektpr\u00e4sentation und -gestaltung \u201enext level\u201c &#8211; dank \uf8ffVisionPro Good to know, News aus der Agentur Februar 6, 2024 Alle sprechen dar\u00fcber, die neue Apple VisionPro, das erste wirkliche \u201eOne More Thing\u201c seit dem iPhone. Kaufen kann man sie aktuell (leider) nur in den USA. Aber da Apple Geld verdienen m\u00f6chte, wird sie sicherlich auch bald in Deutschland zu kaufen sein. F\u00fcr uns als Agentur ist die Apple VisionPro mega interessant, da man so den Kunden ihr Projekt in einer ganz neuen und au\u00dfergew\u00f6hnlichen Qualit\u00e4t pr\u00e4sentieren k\u00f6nnte. Nicht nur sehen, sondern erleben. Die Kunden k\u00f6nnten ihre neue Webseite, das neue Logo oder die Werbekampagne nicht nur sehen, sondern erleben. Eintauchen in die Webseite, in das Video. 360\u00b0 Erlebnis. Sie k\u00f6nnten durch das Logo durchgehen, es mit der eigenen Hand drehen, von allen Seiten anschauen. Oder selbst im Werbevideo stehen\u2026 es wird keine Grenzen geben die eigene Marke wirklich zu erleben Aktuell sitzen oder stehen die Kunden bei uns in der Agentur und wir pr\u00e4sentieren an einem Monitor was wir wie entwickelt haben und sprechen dar\u00fcber wof\u00fcr was ist. Wir erstellen Mockups damit der Kunde sehen kann wie die Marke wirkt. Aber es ist eben \u201enur\u201c sehen und nicht erleben. Wir pr\u00e4sentieren schon etwas au\u00dfergew\u00f6hnlicher, wir versuchen ein Erlebnis zu erzeugen, aber mit einer virtuellen Umgebung, die wie echt wirkt &#8211; das ist schon \u201enext level\u201c. Die Apple VisionPro als Arbeitswerkzeug f\u00fcr unsere Angestellten ist auch ein interessanter Gedanke. Man kann den Monitor vom MacBook auf die VisionPro projektieren bzw. aufnehmen. So k\u00f6nnte man beispielsweise beim Video schneiden oder bei Photoshop direkt arbeiten. Wir sitzen dann nicht mehr wie gefesselt an einem Monitor oder Macbook, wir sind \u201efrei\u201c mit der Brille auf der Nase und k\u00f6nnen \u00fcberall, egal wo, unserer Kreativit\u00e4t freien Raum lassen.Das Arbeiten mit der Apple VisionPro auf dem Kopf k\u00f6nnte wahrscheinlicher viel intuitiver sein. Wie ein Handwerker mit den H\u00e4nden. Nicht \u00fcber eine Mouse oder mit einem Trackpad sondern direkt mit den H\u00e4nden erstellen. Jetzt wird es spekulativMan k\u00f6nnte (sollte man die Brillen koppeln k\u00f6nnen) im Team zusammen gestalten bzw. konzipieren. Ein Whiteboard direkt im Auge. Keine Ablenkung etc. Einfach virtuell zusammenstellen. Nat\u00fcrlich w\u00fcrde es auch Nachteile geben. Stellt euch mal vor, ihr kommt in Euer B\u00fcro oder in Eure Agentur und alle sitzen mit so einer Apple VisionPro auf der Nase am Platz oder stehen im Raum und bewegen ihre H\u00e4nde in einem f\u00fcr den Beobachter nicht sichtbaren Raum als h\u00e4tten sie Anf\u00e4lle. Komische Vorstellung, aber vielleicht doch irgendwann mal die Realit\u00e4t. Wenn man sieht, wie die \u201eJungen\u201c schon jetzt in der Bahn oder Bus, mit dem Gesicht im Handy klebend, durch die Welt fahren und nichts sehen\u2026 Ist es ja fast schon besser mit der Apple VisionPro. Denn damit kann man auch die Umgebung sehen, wenn man sie nicht ausblendet. Wir sind sehr gespannt was da auf uns und unsere Kunden zukommt! Was denkt ihr, wie k\u00f6nnte die VisionPro Euren Arbeitsalltag beeinflussen?<\/p>","protected":false},"author":2,"featured_media":5362,"comment_status":"closed","ping_status":"open","sticky":false,"template":"","format":"standard","meta":{"content-type":"","footnotes":""},"categories":[5,6],"tags":[],"class_list":["post-5360","post","type-post","status-publish","format-standard","has-post-thumbnail","hentry","category-good-to-know","category-news-aus-der-agentur"],"yoast_head":"<!-- This site is optimized with the Yoast SEO plugin v27.4 - https:\/\/yoast.com\/product\/yoast-seo-wordpress\/ -->\n<title>Projektpr\u00e4sentation und -gestaltung \u201enext level\u201c - dank Apple VisionPro - b2b design Werbe- und Marketing Agentur<\/title>\n<meta name=\"robots\" content=\"index, follow, max-snippet:-1, max-image-preview:large, max-video-preview:-1\" \/>\n<link rel=\"canonical\" href=\"https:\/\/b2bdesign.de\/en\/projektpraesentation-und-gestaltung-next-level-dank-\uf8ffvisionpro\/\" \/>\n<meta property=\"og:locale\" content=\"en_GB\" \/>\n<meta property=\"og:type\" content=\"article\" \/>\n<meta property=\"og:title\" content=\"Projektpr\u00e4sentation und -gestaltung \u201enext level\u201c - dank Apple VisionPro - b2b design Werbe- und Marketing Agentur\" \/>\n<meta property=\"og:description\" content=\"Unsere Leistungen Die kreativen K\u00f6pfe Kunden Highlights \u270b Sag uns Hallo! b2b &#8211; news for thee Projektpr\u00e4sentation und -gestaltung \u201enext level\u201c &#8211; dank \uf8ffVisionPro Good to know, News aus der Agentur Februar 6, 2024 Alle sprechen dar\u00fcber, die neue Apple VisionPro, das erste wirkliche \u201eOne More Thing\u201c seit dem iPhone. Kaufen kann man sie aktuell (leider) nur in den USA. Aber da Apple Geld verdienen m\u00f6chte, wird sie sicherlich auch bald in Deutschland zu kaufen sein. F\u00fcr uns als Agentur ist die Apple VisionPro mega interessant, da man so den Kunden ihr Projekt in einer ganz neuen und au\u00dfergew\u00f6hnlichen Qualit\u00e4t pr\u00e4sentieren k\u00f6nnte. Nicht nur sehen, sondern erleben. Die Kunden k\u00f6nnten ihre neue Webseite, das neue Logo oder die Werbekampagne nicht nur sehen, sondern erleben. Eintauchen in die Webseite, in das Video. 360\u00b0 Erlebnis. Sie k\u00f6nnten durch das Logo durchgehen, es mit der eigenen Hand drehen, von allen Seiten anschauen. Oder selbst im Werbevideo stehen\u2026 es wird keine Grenzen geben die eigene Marke wirklich zu erleben Aktuell sitzen oder stehen die Kunden bei uns in der Agentur und wir pr\u00e4sentieren an einem Monitor was wir wie entwickelt haben und sprechen dar\u00fcber wof\u00fcr was ist. Wir erstellen Mockups damit der Kunde sehen kann wie die Marke wirkt. Aber es ist eben \u201enur\u201c sehen und nicht erleben. Wir pr\u00e4sentieren schon etwas au\u00dfergew\u00f6hnlicher, wir versuchen ein Erlebnis zu erzeugen, aber mit einer virtuellen Umgebung, die wie echt wirkt &#8211; das ist schon \u201enext level\u201c. Die Apple VisionPro als Arbeitswerkzeug f\u00fcr unsere Angestellten ist auch ein interessanter Gedanke. Man kann den Monitor vom MacBook auf die VisionPro projektieren bzw. aufnehmen. So k\u00f6nnte man beispielsweise beim Video schneiden oder bei Photoshop direkt arbeiten. Wir sitzen dann nicht mehr wie gefesselt an einem Monitor oder Macbook, wir sind \u201efrei\u201c mit der Brille auf der Nase und k\u00f6nnen \u00fcberall, egal wo, unserer Kreativit\u00e4t freien Raum lassen.Das Arbeiten mit der Apple VisionPro auf dem Kopf k\u00f6nnte wahrscheinlicher viel intuitiver sein. Wie ein Handwerker mit den H\u00e4nden. Nicht \u00fcber eine Mouse oder mit einem Trackpad sondern direkt mit den H\u00e4nden erstellen. Jetzt wird es spekulativMan k\u00f6nnte (sollte man die Brillen koppeln k\u00f6nnen) im Team zusammen gestalten bzw. konzipieren. Ein Whiteboard direkt im Auge. Keine Ablenkung etc. Einfach virtuell zusammenstellen. Nat\u00fcrlich w\u00fcrde es auch Nachteile geben. Stellt euch mal vor, ihr kommt in Euer B\u00fcro oder in Eure Agentur und alle sitzen mit so einer Apple VisionPro auf der Nase am Platz oder stehen im Raum und bewegen ihre H\u00e4nde in einem f\u00fcr den Beobachter nicht sichtbaren Raum als h\u00e4tten sie Anf\u00e4lle. Komische Vorstellung, aber vielleicht doch irgendwann mal die Realit\u00e4t. Wenn man sieht, wie die \u201eJungen\u201c schon jetzt in der Bahn oder Bus, mit dem Gesicht im Handy klebend, durch die Welt fahren und nichts sehen\u2026 Ist es ja fast schon besser mit der Apple VisionPro. Denn damit kann man auch die Umgebung sehen, wenn man sie nicht ausblendet. Wir sind sehr gespannt was da auf uns und unsere Kunden zukommt! Was denkt ihr, wie k\u00f6nnte die VisionPro Euren Arbeitsalltag beeinflussen?\" \/>\n<meta property=\"og:url\" content=\"https:\/\/b2bdesign.de\/en\/projektpraesentation-und-gestaltung-next-level-dank-\uf8ffvisionpro\/\" \/>\n<meta property=\"og:site_name\" content=\"b2b design Werbe- und Marketing Agentur\" \/>\n<meta property=\"article:published_time\" content=\"2024-02-06T16:09:01+00:00\" \/>\n<meta property=\"article:modified_time\" content=\"2024-02-06T16:12:24+00:00\" \/>\n<meta property=\"og:image\" content=\"https:\/\/b2bdesign.de\/wp-content\/uploads\/2024\/02\/ulli-vision-pro.jpg\" \/>\n\t<meta property=\"og:image:width\" content=\"1920\" \/>\n\t<meta property=\"og:image:height\" content=\"1080\" \/>\n\t<meta property=\"og:image:type\" content=\"image\/jpeg\" \/>\n<meta name=\"author\" content=\"Ulli Hantke\" \/>\n<meta name=\"twitter:card\" content=\"summary_large_image\" \/>\n<meta name=\"twitter:label1\" content=\"Written by\" \/>\n\t<meta name=\"twitter:data1\" content=\"Ulli Hantke\" \/>\n\t<meta name=\"twitter:label2\" content=\"Estimated reading time\" \/>\n\t<meta name=\"twitter:data2\" content=\"3 minutes\" \/>\n<script type=\"application\/ld+json\" class=\"yoast-schema-graph\">{\"@context\":\"https:\\\/\\\/schema.org\",\"@graph\":[{\"@type\":\"Article\",\"@id\":\"https:\\\/\\\/b2bdesign.de\\\/projektpraesentation-und-gestaltung-next-level-dank-%ef%a3%bfvisionpro\\\/#article\",\"isPartOf\":{\"@id\":\"https:\\\/\\\/b2bdesign.de\\\/projektpraesentation-und-gestaltung-next-level-dank-%ef%a3%bfvisionpro\\\/\"},\"author\":{\"name\":\"Ulli Hantke\",\"@id\":\"https:\\\/\\\/b2bdesign.de\\\/#\\\/schema\\\/person\\\/4e253a19c089ade4d87ba8c17b9dc644\"},\"headline\":\"Projektpr\u00e4sentation und -gestaltung \u201enext level\u201c &#8211; dank Apple VisionPro\",\"datePublished\":\"2024-02-06T16:09:01+00:00\",\"dateModified\":\"2024-02-06T16:12:24+00:00\",\"mainEntityOfPage\":{\"@id\":\"https:\\\/\\\/b2bdesign.de\\\/projektpraesentation-und-gestaltung-next-level-dank-%ef%a3%bfvisionpro\\\/\"},\"wordCount\":545,\"publisher\":{\"@id\":\"https:\\\/\\\/b2bdesign.de\\\/#organization\"},\"image\":{\"@id\":\"https:\\\/\\\/b2bdesign.de\\\/projektpraesentation-und-gestaltung-next-level-dank-%ef%a3%bfvisionpro\\\/#primaryimage\"},\"thumbnailUrl\":\"https:\\\/\\\/b2bdesign.de\\\/wp-content\\\/uploads\\\/2024\\\/02\\\/ulli-vision-pro.jpg\",\"articleSection\":[\"Good to know\",\"News aus der Agentur\"],\"inLanguage\":\"en-GB\"},{\"@type\":\"WebPage\",\"@id\":\"https:\\\/\\\/b2bdesign.de\\\/projektpraesentation-und-gestaltung-next-level-dank-%ef%a3%bfvisionpro\\\/\",\"url\":\"https:\\\/\\\/b2bdesign.de\\\/projektpraesentation-und-gestaltung-next-level-dank-%ef%a3%bfvisionpro\\\/\",\"name\":\"Projektpr\u00e4sentation und -gestaltung \u201enext level\u201c - dank Apple VisionPro - b2b design Werbe- und Marketing Agentur\",\"isPartOf\":{\"@id\":\"https:\\\/\\\/b2bdesign.de\\\/#website\"},\"primaryImageOfPage\":{\"@id\":\"https:\\\/\\\/b2bdesign.de\\\/projektpraesentation-und-gestaltung-next-level-dank-%ef%a3%bfvisionpro\\\/#primaryimage\"},\"image\":{\"@id\":\"https:\\\/\\\/b2bdesign.de\\\/projektpraesentation-und-gestaltung-next-level-dank-%ef%a3%bfvisionpro\\\/#primaryimage\"},\"thumbnailUrl\":\"https:\\\/\\\/b2bdesign.de\\\/wp-content\\\/uploads\\\/2024\\\/02\\\/ulli-vision-pro.jpg\",\"datePublished\":\"2024-02-06T16:09:01+00:00\",\"dateModified\":\"2024-02-06T16:12:24+00:00\",\"breadcrumb\":{\"@id\":\"https:\\\/\\\/b2bdesign.de\\\/projektpraesentation-und-gestaltung-next-level-dank-%ef%a3%bfvisionpro\\\/#breadcrumb\"},\"inLanguage\":\"en-GB\",\"potentialAction\":[{\"@type\":\"ReadAction\",\"target\":[\"https:\\\/\\\/b2bdesign.de\\\/projektpraesentation-und-gestaltung-next-level-dank-%ef%a3%bfvisionpro\\\/\"]}]},{\"@type\":\"ImageObject\",\"inLanguage\":\"en-GB\",\"@id\":\"https:\\\/\\\/b2bdesign.de\\\/projektpraesentation-und-gestaltung-next-level-dank-%ef%a3%bfvisionpro\\\/#primaryimage\",\"url\":\"https:\\\/\\\/b2bdesign.de\\\/wp-content\\\/uploads\\\/2024\\\/02\\\/ulli-vision-pro.jpg\",\"contentUrl\":\"https:\\\/\\\/b2bdesign.de\\\/wp-content\\\/uploads\\\/2024\\\/02\\\/ulli-vision-pro.jpg\",\"width\":1920,\"height\":1080},{\"@type\":\"BreadcrumbList\",\"@id\":\"https:\\\/\\\/b2bdesign.de\\\/projektpraesentation-und-gestaltung-next-level-dank-%ef%a3%bfvisionpro\\\/#breadcrumb\",\"itemListElement\":[{\"@type\":\"ListItem\",\"position\":1,\"name\":\"Startseite\",\"item\":\"https:\\\/\\\/b2bdesign.de\\\/\"},{\"@type\":\"ListItem\",\"position\":2,\"name\":\"Projektpr\u00e4sentation und -gestaltung \u201enext level\u201c &#8211; dank Apple VisionPro\"}]},{\"@type\":\"WebSite\",\"@id\":\"https:\\\/\\\/b2bdesign.de\\\/#website\",\"url\":\"https:\\\/\\\/b2bdesign.de\\\/\",\"name\":\"b2b design Werbe- und Marketing Agentur\",\"description\":\"\",\"publisher\":{\"@id\":\"https:\\\/\\\/b2bdesign.de\\\/#organization\"},\"potentialAction\":[{\"@type\":\"SearchAction\",\"target\":{\"@type\":\"EntryPoint\",\"urlTemplate\":\"https:\\\/\\\/b2bdesign.de\\\/?s={search_term_string}\"},\"query-input\":{\"@type\":\"PropertyValueSpecification\",\"valueRequired\":true,\"valueName\":\"search_term_string\"}}],\"inLanguage\":\"en-GB\"},{\"@type\":\"Organization\",\"@id\":\"https:\\\/\\\/b2bdesign.de\\\/#organization\",\"name\":\"b2b design e.K.\",\"url\":\"https:\\\/\\\/b2bdesign.de\\\/\",\"logo\":{\"@type\":\"ImageObject\",\"inLanguage\":\"en-GB\",\"@id\":\"https:\\\/\\\/b2bdesign.de\\\/#\\\/schema\\\/logo\\\/image\\\/\",\"url\":\"https:\\\/\\\/b2bdesign.de\\\/wp-content\\\/uploads\\\/2023\\\/10\\\/b2b-design-logo-webseite-1.svg\",\"contentUrl\":\"https:\\\/\\\/b2bdesign.de\\\/wp-content\\\/uploads\\\/2023\\\/10\\\/b2b-design-logo-webseite-1.svg\",\"width\":100,\"height\":350,\"caption\":\"b2b design e.K.\"},\"image\":{\"@id\":\"https:\\\/\\\/b2bdesign.de\\\/#\\\/schema\\\/logo\\\/image\\\/\"},\"sameAs\":[\"https:\\\/\\\/www.linkedin.com\\\/company\\\/b2b-design\",\"https:\\\/\\\/www.instagram.com\\\/b2bdesign2017\\\/\",\"https:\\\/\\\/www.youtube.com\\\/channel\\\/UCOyMQ8GywgDAvFhodpaJk7Q\"]},{\"@type\":\"Person\",\"@id\":\"https:\\\/\\\/b2bdesign.de\\\/#\\\/schema\\\/person\\\/4e253a19c089ade4d87ba8c17b9dc644\",\"name\":\"Ulli Hantke\",\"image\":{\"@type\":\"ImageObject\",\"inLanguage\":\"en-GB\",\"@id\":\"https:\\\/\\\/secure.gravatar.com\\\/avatar\\\/c7c10e378288efef8cd5251a85dd685ee03c3c37a38567336fef3a44fbdb3cde?s=96&d=mm&r=g\",\"url\":\"https:\\\/\\\/secure.gravatar.com\\\/avatar\\\/c7c10e378288efef8cd5251a85dd685ee03c3c37a38567336fef3a44fbdb3cde?s=96&d=mm&r=g\",\"contentUrl\":\"https:\\\/\\\/secure.gravatar.com\\\/avatar\\\/c7c10e378288efef8cd5251a85dd685ee03c3c37a38567336fef3a44fbdb3cde?s=96&d=mm&r=g\",\"caption\":\"Ulli Hantke\"},\"url\":\"https:\\\/\\\/b2bdesign.de\\\/en\\\/author\\\/ulli\\\/\"}]}<\/script>\n<!-- \/ Yoast SEO plugin. -->","yoast_head_json":{"title":"Projektpr\u00e4sentation und -gestaltung \u201enext level\u201c - dank Apple VisionPro - b2b design Werbe- und Marketing Agentur","robots":{"index":"index","follow":"follow","max-snippet":"max-snippet:-1","max-image-preview":"max-image-preview:large","max-video-preview":"max-video-preview:-1"},"canonical":"https:\/\/b2bdesign.de\/en\/projektpraesentation-und-gestaltung-next-level-dank-\uf8ffvisionpro\/","og_locale":"en_GB","og_type":"article","og_title":"Projektpr\u00e4sentation und -gestaltung \u201enext level\u201c - dank Apple VisionPro - b2b design Werbe- und Marketing Agentur","og_description":"Unsere Leistungen Die kreativen K\u00f6pfe Kunden Highlights \u270b Sag uns Hallo! b2b &#8211; news for thee Projektpr\u00e4sentation und -gestaltung \u201enext level\u201c &#8211; dank \uf8ffVisionPro Good to know, News aus der Agentur Februar 6, 2024 Alle sprechen dar\u00fcber, die neue Apple VisionPro, das erste wirkliche \u201eOne More Thing\u201c seit dem iPhone. Kaufen kann man sie aktuell (leider) nur in den USA. Aber da Apple Geld verdienen m\u00f6chte, wird sie sicherlich auch bald in Deutschland zu kaufen sein. F\u00fcr uns als Agentur ist die Apple VisionPro mega interessant, da man so den Kunden ihr Projekt in einer ganz neuen und au\u00dfergew\u00f6hnlichen Qualit\u00e4t pr\u00e4sentieren k\u00f6nnte. Nicht nur sehen, sondern erleben. Die Kunden k\u00f6nnten ihre neue Webseite, das neue Logo oder die Werbekampagne nicht nur sehen, sondern erleben. Eintauchen in die Webseite, in das Video. 360\u00b0 Erlebnis. Sie k\u00f6nnten durch das Logo durchgehen, es mit der eigenen Hand drehen, von allen Seiten anschauen. Oder selbst im Werbevideo stehen\u2026 es wird keine Grenzen geben die eigene Marke wirklich zu erleben Aktuell sitzen oder stehen die Kunden bei uns in der Agentur und wir pr\u00e4sentieren an einem Monitor was wir wie entwickelt haben und sprechen dar\u00fcber wof\u00fcr was ist. Wir erstellen Mockups damit der Kunde sehen kann wie die Marke wirkt. Aber es ist eben \u201enur\u201c sehen und nicht erleben. Wir pr\u00e4sentieren schon etwas au\u00dfergew\u00f6hnlicher, wir versuchen ein Erlebnis zu erzeugen, aber mit einer virtuellen Umgebung, die wie echt wirkt &#8211; das ist schon \u201enext level\u201c. Die Apple VisionPro als Arbeitswerkzeug f\u00fcr unsere Angestellten ist auch ein interessanter Gedanke. Man kann den Monitor vom MacBook auf die VisionPro projektieren bzw. aufnehmen. So k\u00f6nnte man beispielsweise beim Video schneiden oder bei Photoshop direkt arbeiten. Wir sitzen dann nicht mehr wie gefesselt an einem Monitor oder Macbook, wir sind \u201efrei\u201c mit der Brille auf der Nase und k\u00f6nnen \u00fcberall, egal wo, unserer Kreativit\u00e4t freien Raum lassen.Das Arbeiten mit der Apple VisionPro auf dem Kopf k\u00f6nnte wahrscheinlicher viel intuitiver sein. Wie ein Handwerker mit den H\u00e4nden. Nicht \u00fcber eine Mouse oder mit einem Trackpad sondern direkt mit den H\u00e4nden erstellen. Jetzt wird es spekulativMan k\u00f6nnte (sollte man die Brillen koppeln k\u00f6nnen) im Team zusammen gestalten bzw. konzipieren. Ein Whiteboard direkt im Auge. Keine Ablenkung etc. Einfach virtuell zusammenstellen. Nat\u00fcrlich w\u00fcrde es auch Nachteile geben. Stellt euch mal vor, ihr kommt in Euer B\u00fcro oder in Eure Agentur und alle sitzen mit so einer Apple VisionPro auf der Nase am Platz oder stehen im Raum und bewegen ihre H\u00e4nde in einem f\u00fcr den Beobachter nicht sichtbaren Raum als h\u00e4tten sie Anf\u00e4lle. Komische Vorstellung, aber vielleicht doch irgendwann mal die Realit\u00e4t. Wenn man sieht, wie die \u201eJungen\u201c schon jetzt in der Bahn oder Bus, mit dem Gesicht im Handy klebend, durch die Welt fahren und nichts sehen\u2026 Ist es ja fast schon besser mit der Apple VisionPro. Denn damit kann man auch die Umgebung sehen, wenn man sie nicht ausblendet. Wir sind sehr gespannt was da auf uns und unsere Kunden zukommt! Was denkt ihr, wie k\u00f6nnte die VisionPro Euren Arbeitsalltag beeinflussen?","og_url":"https:\/\/b2bdesign.de\/en\/projektpraesentation-und-gestaltung-next-level-dank-\uf8ffvisionpro\/","og_site_name":"b2b design Werbe- und Marketing Agentur","article_published_time":"2024-02-06T16:09:01+00:00","article_modified_time":"2024-02-06T16:12:24+00:00","og_image":[{"width":1920,"height":1080,"url":"https:\/\/b2bdesign.de\/wp-content\/uploads\/2024\/02\/ulli-vision-pro.jpg","type":"image\/jpeg"}],"author":"Ulli Hantke","twitter_card":"summary_large_image","twitter_misc":{"Written by":"Ulli Hantke","Estimated reading time":"3 minutes"},"schema":{"@context":"https:\/\/schema.org","@graph":[{"@type":"Article","@id":"https:\/\/b2bdesign.de\/projektpraesentation-und-gestaltung-next-level-dank-%ef%a3%bfvisionpro\/#article","isPartOf":{"@id":"https:\/\/b2bdesign.de\/projektpraesentation-und-gestaltung-next-level-dank-%ef%a3%bfvisionpro\/"},"author":{"name":"Ulli Hantke","@id":"https:\/\/b2bdesign.de\/#\/schema\/person\/4e253a19c089ade4d87ba8c17b9dc644"},"headline":"Projektpr\u00e4sentation und -gestaltung \u201enext level\u201c &#8211; dank Apple VisionPro","datePublished":"2024-02-06T16:09:01+00:00","dateModified":"2024-02-06T16:12:24+00:00","mainEntityOfPage":{"@id":"https:\/\/b2bdesign.de\/projektpraesentation-und-gestaltung-next-level-dank-%ef%a3%bfvisionpro\/"},"wordCount":545,"publisher":{"@id":"https:\/\/b2bdesign.de\/#organization"},"image":{"@id":"https:\/\/b2bdesign.de\/projektpraesentation-und-gestaltung-next-level-dank-%ef%a3%bfvisionpro\/#primaryimage"},"thumbnailUrl":"https:\/\/b2bdesign.de\/wp-content\/uploads\/2024\/02\/ulli-vision-pro.jpg","articleSection":["Good to know","News aus der Agentur"],"inLanguage":"en-GB"},{"@type":"WebPage","@id":"https:\/\/b2bdesign.de\/projektpraesentation-und-gestaltung-next-level-dank-%ef%a3%bfvisionpro\/","url":"https:\/\/b2bdesign.de\/projektpraesentation-und-gestaltung-next-level-dank-%ef%a3%bfvisionpro\/","name":"Projektpr\u00e4sentation und -gestaltung \u201enext level\u201c - dank Apple VisionPro - b2b design Werbe- und Marketing Agentur","isPartOf":{"@id":"https:\/\/b2bdesign.de\/#website"},"primaryImageOfPage":{"@id":"https:\/\/b2bdesign.de\/projektpraesentation-und-gestaltung-next-level-dank-%ef%a3%bfvisionpro\/#primaryimage"},"image":{"@id":"https:\/\/b2bdesign.de\/projektpraesentation-und-gestaltung-next-level-dank-%ef%a3%bfvisionpro\/#primaryimage"},"thumbnailUrl":"https:\/\/b2bdesign.de\/wp-content\/uploads\/2024\/02\/ulli-vision-pro.jpg","datePublished":"2024-02-06T16:09:01+00:00","dateModified":"2024-02-06T16:12:24+00:00","breadcrumb":{"@id":"https:\/\/b2bdesign.de\/projektpraesentation-und-gestaltung-next-level-dank-%ef%a3%bfvisionpro\/#breadcrumb"},"inLanguage":"en-GB","potentialAction":[{"@type":"ReadAction","target":["https:\/\/b2bdesign.de\/projektpraesentation-und-gestaltung-next-level-dank-%ef%a3%bfvisionpro\/"]}]},{"@type":"ImageObject","inLanguage":"en-GB","@id":"https:\/\/b2bdesign.de\/projektpraesentation-und-gestaltung-next-level-dank-%ef%a3%bfvisionpro\/#primaryimage","url":"https:\/\/b2bdesign.de\/wp-content\/uploads\/2024\/02\/ulli-vision-pro.jpg","contentUrl":"https:\/\/b2bdesign.de\/wp-content\/uploads\/2024\/02\/ulli-vision-pro.jpg","width":1920,"height":1080},{"@type":"BreadcrumbList","@id":"https:\/\/b2bdesign.de\/projektpraesentation-und-gestaltung-next-level-dank-%ef%a3%bfvisionpro\/#breadcrumb","itemListElement":[{"@type":"ListItem","position":1,"name":"Startseite","item":"https:\/\/b2bdesign.de\/"},{"@type":"ListItem","position":2,"name":"Projektpr\u00e4sentation und -gestaltung \u201enext level\u201c &#8211; dank Apple VisionPro"}]},{"@type":"WebSite","@id":"https:\/\/b2bdesign.de\/#website","url":"https:\/\/b2bdesign.de\/","name":"b2b design Werbe- und Marketing Agentur","description":"","publisher":{"@id":"https:\/\/b2bdesign.de\/#organization"},"potentialAction":[{"@type":"SearchAction","target":{"@type":"EntryPoint","urlTemplate":"https:\/\/b2bdesign.de\/?s={search_term_string}"},"query-input":{"@type":"PropertyValueSpecification","valueRequired":true,"valueName":"search_term_string"}}],"inLanguage":"en-GB"},{"@type":"Organization","@id":"https:\/\/b2bdesign.de\/#organization","name":"b2b design e.K.","url":"https:\/\/b2bdesign.de\/","logo":{"@type":"ImageObject","inLanguage":"en-GB","@id":"https:\/\/b2bdesign.de\/#\/schema\/logo\/image\/","url":"https:\/\/b2bdesign.de\/wp-content\/uploads\/2023\/10\/b2b-design-logo-webseite-1.svg","contentUrl":"https:\/\/b2bdesign.de\/wp-content\/uploads\/2023\/10\/b2b-design-logo-webseite-1.svg","width":100,"height":350,"caption":"b2b design e.K."},"image":{"@id":"https:\/\/b2bdesign.de\/#\/schema\/logo\/image\/"},"sameAs":["https:\/\/www.linkedin.com\/company\/b2b-design","https:\/\/www.instagram.com\/b2bdesign2017\/","https:\/\/www.youtube.com\/channel\/UCOyMQ8GywgDAvFhodpaJk7Q"]},{"@type":"Person","@id":"https:\/\/b2bdesign.de\/#\/schema\/person\/4e253a19c089ade4d87ba8c17b9dc644","name":"Ulli Hantke","image":{"@type":"ImageObject","inLanguage":"en-GB","@id":"https:\/\/secure.gravatar.com\/avatar\/c7c10e378288efef8cd5251a85dd685ee03c3c37a38567336fef3a44fbdb3cde?s=96&d=mm&r=g","url":"https:\/\/secure.gravatar.com\/avatar\/c7c10e378288efef8cd5251a85dd685ee03c3c37a38567336fef3a44fbdb3cde?s=96&d=mm&r=g","contentUrl":"https:\/\/secure.gravatar.com\/avatar\/c7c10e378288efef8cd5251a85dd685ee03c3c37a38567336fef3a44fbdb3cde?s=96&d=mm&r=g","caption":"Ulli Hantke"},"url":"https:\/\/b2bdesign.de\/en\/author\/ulli\/"}]}},"_links":{"self":[{"href":"https:\/\/b2bdesign.de\/en\/wp-json\/wp\/v2\/posts\/5360","targetHints":{"allow":["GET"]}}],"collection":[{"href":"https:\/\/b2bdesign.de\/en\/wp-json\/wp\/v2\/posts"}],"about":[{"href":"https:\/\/b2bdesign.de\/en\/wp-json\/wp\/v2\/types\/post"}],"author":[{"embeddable":true,"href":"https:\/\/b2bdesign.de\/en\/wp-json\/wp\/v2\/users\/2"}],"replies":[{"embeddable":true,"href":"https:\/\/b2bdesign.de\/en\/wp-json\/wp\/v2\/comments?post=5360"}],"version-history":[{"count":7,"href":"https:\/\/b2bdesign.de\/en\/wp-json\/wp\/v2\/posts\/5360\/revisions"}],"predecessor-version":[{"id":5368,"href":"https:\/\/b2bdesign.de\/en\/wp-json\/wp\/v2\/posts\/5360\/revisions\/5368"}],"wp:featuredmedia":[{"embeddable":true,"href":"https:\/\/b2bdesign.de\/en\/wp-json\/wp\/v2\/media\/5362"}],"wp:attachment":[{"href":"https:\/\/b2bdesign.de\/en\/wp-json\/wp\/v2\/media?parent=5360"}],"wp:term":[{"taxonomy":"category","embeddable":true,"href":"https:\/\/b2bdesign.de\/en\/wp-json\/wp\/v2\/categories?post=5360"},{"taxonomy":"post_tag","embeddable":true,"href":"https:\/\/b2bdesign.de\/en\/wp-json\/wp\/v2\/tags?post=5360"}],"curies":[{"name":"wp","href":"https:\/\/api.w.org\/{rel}","templated":true}]}}