{"id":3030,"date":"2023-11-08T14:28:33","date_gmt":"2023-11-08T14:28:33","guid":{"rendered":"https:\/\/b2bdesign.de\/?p=3030"},"modified":"2023-11-08T17:42:55","modified_gmt":"2023-11-08T17:42:55","slug":"facebook-und-instagram-im-abo","status":"publish","type":"post","link":"https:\/\/b2bdesign.de\/en\/facebook-und-instagram-im-abo\/","title":{"rendered":"Facebook und Instagram im ABO"},"content":{"rendered":"<div data-elementor-type=\"wp-post\" data-elementor-id=\"3030\" class=\"elementor elementor-3030\" data-elementor-post-type=\"post\">\n\t\t\t\t<div class=\"elementor-element elementor-element-5bb513a8 e-flex e-con-boxed wpr-particle-no wpr-jarallax-no wpr-parallax-no wpr-equal-height-no e-con e-parent\" data-id=\"5bb513a8\" data-element_type=\"container\" data-e-type=\"container\" data-settings=\"{&quot;background_background&quot;:&quot;classic&quot;}\">\n\t\t\t\t\t<div class=\"e-con-inner\">\n\t\t\t\t<div class=\"elementor-element elementor-element-47446478 premium-nav-slide premium-hidden-icon-yes premium-disable-scroll-yes elementor-fixed elementor-widget-mobile__width-initial elementor-widget__width-initial elementor-hidden-widescreen elementor-hidden-desktop elementor-hidden-tablet_extra elementor-hidden-tablet elementor-hidden-mobile premium-slide-auto elementor-widget elementor-widget-global elementor-global-2040 elementor-widget-premium-nav-menu\" data-id=\"47446478\" data-element_type=\"widget\" data-e-type=\"widget\" data-settings=\"{&quot;_position&quot;:&quot;fixed&quot;,&quot;submenu_icon&quot;:{&quot;value&quot;:&quot;fas fa-angle-down&quot;,&quot;library&quot;:&quot;fa-solid&quot;},&quot;submenu_item_icon&quot;:{&quot;value&quot;:&quot;&quot;,&quot;library&quot;:&quot;&quot;}}\" data-widget_type=\"premium-nav-menu.default\">\n\t\t\t\t<div class=\"elementor-widget-container\">\n\t\t\t\t\t\t\t<div data-settings=\"{&quot;breakpoint&quot;:0,&quot;mobileLayout&quot;:null,&quot;mainLayout&quot;:&quot;slide&quot;,&quot;stretchDropdown&quot;:false,&quot;hoverEffect&quot;:&quot;&quot;,&quot;submenuEvent&quot;:null,&quot;submenuTrigger&quot;:&quot;item&quot;,&quot;closeAfterClick&quot;:true,&quot;renderMobileMenu&quot;:true}\" class=\"premium-nav-widget-container premium-nav-pointer-none\" style=\"visibility:hidden; opacity:0;\">\n\t\t\t<div class=\"premium-ver-inner-container\">\n\t\t\t\t\t\t\t\t\t<div class=\"premium-hamburger-toggle premium-mobile-menu-icon\" role=\"button\" aria-label=\"Toggle Menu\">\n\t\t\t\t\t\t<span class=\"premium-toggle-text\">\n\t\t\t\t\t\t\t<i aria-hidden=\"true\" class=\"fas fa-bars\"><\/i>\t\t\t\t\t\t<\/span>\n\t\t\t\t\t\t<span class=\"premium-toggle-close\">\n\t\t\t\t\t\t\t<i aria-hidden=\"true\" class=\"fas fa-times\"><\/i>\t\t\t\t\t\t<\/span>\n\t\t\t\t\t<\/div>\n\t\t\t\t\t\t\t\t\t\t<div class=\"premium-nav-slide-overlay\"><\/div>\n\t\t\t\t\t<div class=\"premium-mobile-menu-outer-container\">\n\t\t\t\t\t\t<div class=\"premium-mobile-menu-close\" role=\"button\" aria-label=\"Close Menu\">\n\t\t\t\t\t\t\t<i aria-hidden=\"true\" class=\"fas fa-times\"><\/i>\t\t\t\t\t\t\t<span class=\"premium-toggle-close\"><\/span>\n\t\t\t\t\t\t<\/div>\n\t\t\t\t\t\t\t\t\t\t\t\t<div class=\"premium-mobile-menu-container\">\n\t\t\t\t\t\t\t\t\t\t\t\t\t\t\t<ul id=\"menu-hauptmenue-1\" class=\"premium-mobile-menu premium-main-mobile-menu premium-main-nav-menu\"><li id=\"premium-nav-menu-item-80321\" class=\"menu-item menu-item-type-post_type menu-item-object-page premium-nav-menu-item\"><a href=\"https:\/\/b2bdesign.de\/en\/leistungen\/\" class=\"premium-menu-link premium-menu-link-parent premium-lq__none\">Unsere Leistungen<\/a><\/li>\n<li id=\"premium-nav-menu-item-10142\" class=\"menu-item menu-item-type-post_type menu-item-object-page premium-nav-menu-item\"><a href=\"https:\/\/b2bdesign.de\/en\/about-us-alt\/\" class=\"premium-menu-link premium-menu-link-parent premium-lq__none\">Das ist b2b design<\/a><\/li>\n<li id=\"premium-nav-menu-item-18643\" class=\"menu-item menu-item-type-post_type menu-item-object-page premium-nav-menu-item\"><a href=\"https:\/\/b2bdesign.de\/en\/unsere-projekte\/\" class=\"premium-menu-link premium-menu-link-parent premium-lq__none\">Erfolgsgeschichten<\/a><\/li>\n<li id=\"premium-nav-menu-item-14594\" class=\"menu-item menu-item-type-post_type menu-item-object-page premium-nav-menu-item\"><a href=\"https:\/\/b2bdesign.de\/en\/kontakt\/\" class=\"premium-menu-link premium-menu-link-parent premium-lq__none\">\u270b Sag uns Hallo!<\/a><\/li>\n<\/ul>\t\t\t\t\t\t\t\t\t\t\t\t\t\t<\/div>\n\t\t\t\t\t\t<\/div>\t\t\t\t<\/div>\n\t\t\t<\/div>\n\t\t\t\t\t\t\t<\/div>\n\t\t\t\t<\/div>\n\t\t\t\t<div class=\"elementor-element elementor-element-227f7092 elementor-headline--style-highlight elementor-widget elementor-widget-animated-headline\" data-id=\"227f7092\" data-element_type=\"widget\" data-e-type=\"widget\" data-settings=\"{&quot;marker&quot;:&quot;underline_zigzag&quot;,&quot;highlighted_text&quot;:&quot;news for thee&quot;,&quot;headline_style&quot;:&quot;highlight&quot;,&quot;loop&quot;:&quot;yes&quot;,&quot;highlight_animation_duration&quot;:1200,&quot;highlight_iteration_delay&quot;:8000}\" data-widget_type=\"animated-headline.default\">\n\t\t\t\t<div class=\"elementor-widget-container\">\n\t\t\t\t\t\t\t<h3 class=\"elementor-headline\">\n\t\t\t\t\t<span class=\"elementor-headline-plain-text elementor-headline-text-wrapper\">b2b - <\/span>\n\t\t\t\t<span class=\"elementor-headline-dynamic-wrapper elementor-headline-text-wrapper\">\n\t\t\t\t\t<span class=\"elementor-headline-dynamic-text elementor-headline-text-active\">news for thee<\/span>\n\t\t\t\t<\/span>\n\t\t\t\t<\/h3>\n\t\t\t\t\t\t<\/div>\n\t\t\t\t<\/div>\n\t\t\t\t\t<\/div>\n\t\t\t\t<\/div>\n\t\t<div class=\"elementor-element elementor-element-821e5e4 e-flex e-con-boxed wpr-particle-no wpr-jarallax-no wpr-parallax-no wpr-equal-height-no e-con e-parent\" data-id=\"821e5e4\" data-element_type=\"container\" data-e-type=\"container\">\n\t\t\t\t\t<div class=\"e-con-inner\">\n\t\t\t\t<div class=\"elementor-element elementor-element-959262d elementor-widget elementor-widget-global elementor-global-2367 elementor-widget-breadcrumbs\" data-id=\"959262d\" data-element_type=\"widget\" data-e-type=\"widget\" data-widget_type=\"breadcrumbs.default\">\n\t\t\t\t<div class=\"elementor-widget-container\">\n\t\t\t\t\t<p id=\"breadcrumbs\"><span><span><a href=\"https:\/\/b2bdesign.de\/\">Startseite<\/a><\/span><\/span><\/p>\t\t\t\t<\/div>\n\t\t\t\t<\/div>\n\t\t\t\t<div class=\"elementor-element elementor-element-3e9bd4ba elementor-widget elementor-widget-spacer\" data-id=\"3e9bd4ba\" data-element_type=\"widget\" data-e-type=\"widget\" data-widget_type=\"spacer.default\">\n\t\t\t\t<div class=\"elementor-widget-container\">\n\t\t\t\t\t\t\t<div class=\"elementor-spacer\">\n\t\t\t<div class=\"elementor-spacer-inner\"><\/div>\n\t\t<\/div>\n\t\t\t\t\t\t<\/div>\n\t\t\t\t<\/div>\n\t\t\t\t\t<\/div>\n\t\t\t\t<\/div>\n\t\t<div class=\"elementor-element elementor-element-5e7f9bd1 e-flex e-con-boxed wpr-particle-no wpr-jarallax-no wpr-parallax-no wpr-equal-height-no e-con e-parent\" data-id=\"5e7f9bd1\" data-element_type=\"container\" data-e-type=\"container\">\n\t\t\t\t\t<div class=\"e-con-inner\">\n\t\t<div class=\"elementor-element elementor-element-90a57ed e-con-full e-flex wpr-particle-no wpr-jarallax-no wpr-parallax-no wpr-equal-height-no e-con e-child\" data-id=\"90a57ed\" data-element_type=\"container\" data-e-type=\"container\">\n\t\t\t\t<div class=\"elementor-element elementor-element-25964326 elementor-widget elementor-widget-wpr-post-title\" data-id=\"25964326\" data-element_type=\"widget\" data-e-type=\"widget\" data-widget_type=\"wpr-post-title.default\">\n\t\t\t\t<div class=\"elementor-widget-container\">\n\t\t\t\t\t<h1 class=\"wpr-post-title\">Facebook und Instagram im ABO<\/h1>\t\t\t\t<\/div>\n\t\t\t\t<\/div>\n\t\t\t\t<div class=\"elementor-element elementor-element-508380a9 wpr-post-info-align-left elementor-widget elementor-widget-wpr-post-info\" data-id=\"508380a9\" data-element_type=\"widget\" data-e-type=\"widget\" data-widget_type=\"wpr-post-info.default\">\n\t\t\t\t<div class=\"elementor-widget-container\">\n\t\t\t\t\t<ul class=\"wpr-post-info wpr-post-info-vertical\"><li class=\"wpr-post-info-taxonomy\"><a href=\"https:\/\/b2bdesign.de\/en\/category\/good-to-know\/\">Good to know<\/a><\/li><li class=\"wpr-post-info-date\"><span>November 8, 2023<\/span><\/li><\/ul>\t\t\t\t<\/div>\n\t\t\t\t<\/div>\n\t\t\t\t<div class=\"elementor-element elementor-element-512f0549 elementor-widget elementor-widget-text-editor\" data-id=\"512f0549\" data-element_type=\"widget\" data-e-type=\"widget\" data-widget_type=\"text-editor.default\">\n\t\t\t\t<div class=\"elementor-widget-container\">\n\t\t\t\t\t\t\t\t\t<p>Facebook und Instgram ohne Werbung im ABO.<\/p><p>Meta hat auf eine EU Vorgabe reagiert und ein ABO Modell f\u00fcr werbefreies Nutzen von Facebook und Instagram eingef\u00fchrt.<\/p>\t\t\t\t\t\t\t\t<\/div>\n\t\t\t\t<\/div>\n\t\t\t\t<\/div>\n\t\t<div class=\"elementor-element elementor-element-211b337c e-con-full e-flex wpr-particle-no wpr-jarallax-no wpr-parallax-no wpr-equal-height-no e-con e-child\" data-id=\"211b337c\" data-element_type=\"container\" data-e-type=\"container\">\n\t\t\t\t<div class=\"elementor-element elementor-element-53f9d1a3 elementor-widget elementor-widget-image\" data-id=\"53f9d1a3\" data-element_type=\"widget\" data-e-type=\"widget\" data-widget_type=\"image.default\">\n\t\t\t\t<div class=\"elementor-widget-container\">\n\t\t\t\t\t\t\t\t\t\t\t\t\t\t\t<img decoding=\"async\" src=\"https:\/\/b2bdesign.de\/wp-content\/uploads\/elementor\/thumbs\/facebook-abo-qphyqusixpwtm293yr58xluh8gydjqrl2s7lquvhfk.jpg\" title=\"facebook abo\" alt=\"facebook abo\" loading=\"lazy\" \/>\t\t\t\t\t\t\t\t\t\t\t\t\t\t\t<\/div>\n\t\t\t\t<\/div>\n\t\t\t\t<\/div>\n\t\t\t\t\t<\/div>\n\t\t\t\t<\/div>\n\t\t<div class=\"elementor-element elementor-element-2028ef27 e-flex e-con-boxed wpr-particle-no wpr-jarallax-no wpr-parallax-no wpr-equal-height-no e-con e-parent\" data-id=\"2028ef27\" data-element_type=\"container\" data-e-type=\"container\">\n\t\t\t\t\t<div class=\"e-con-inner\">\n\t\t\t\t<div class=\"elementor-element elementor-element-583ea259 elementor-widget elementor-widget-spacer\" data-id=\"583ea259\" data-element_type=\"widget\" data-e-type=\"widget\" data-widget_type=\"spacer.default\">\n\t\t\t\t<div class=\"elementor-widget-container\">\n\t\t\t\t\t\t\t<div class=\"elementor-spacer\">\n\t\t\t<div class=\"elementor-spacer-inner\"><\/div>\n\t\t<\/div>\n\t\t\t\t\t\t<\/div>\n\t\t\t\t<\/div>\n\t\t\t\t<div class=\"elementor-element elementor-element-72a9ae9c elementor-widget__width-initial elementor-widget elementor-widget-text-editor\" data-id=\"72a9ae9c\" data-element_type=\"widget\" data-e-type=\"widget\" data-widget_type=\"text-editor.default\">\n\t\t\t\t<div class=\"elementor-widget-container\">\n\t\t\t\t\t\t\t\t\t<p>Das Kuriose daran ist, es gibt zwei ABOS, eines f\u00fcr die Nutzer die Facebook und Instagram nur im Browser nutzen und ein extra ABO f\u00fcr User, die beide Anwendungen am Handy nutzen.<\/p><p><strong>Kosten:<\/strong><br \/>F\u00fcr Browser 9,99\u20ac pro Monat<br \/>F\u00fcr Handy 12,99\u20ac pro Monat<\/p><p><strong>Was bedeutet das f\u00fcr Deine Werbung?<\/strong><br \/>Wenn ein Nutzer dieses ABO abschlie\u00dft, dann sieht er Deine Werbung nicht mehr. Die Frage die sich stellt ist aber ob ein User wirklich bis zu 12,99\u20ac pro Monat f\u00fcr ein werbefreies facebook und Instagram zahlt.<\/p><p>Schlie\u00dflich sind das im Jahr 155,88\u20ac f\u00fcr Nutzer am Handy und 119,88\u20ac f\u00fcr Nutzer am PC. Ob das die Mehrheit bereit ist zu zahlen, wagen wir zu bezweifeln.<\/p><p>Damit aber die Mehrheit dabei bleibt, sollte die Werbung unbedingt wirksam sein und nicht nervig. Wenn Du durch schlechte Werbung die User dazu zwingst so ein ABO abzuschlie\u00dfen, dann bist Du selber Schuld daran.<\/p><p>Das Gute ist, wir k\u00f6nnen Dir helfen, professionelle und wirkungsvolle Werbung zu entwickeln.<\/p>\t\t\t\t\t\t\t\t<\/div>\n\t\t\t\t<\/div>\n\t\t\t\t<div class=\"elementor-element elementor-element-22c4de44 elementor-widget elementor-widget-spacer\" data-id=\"22c4de44\" data-element_type=\"widget\" data-e-type=\"widget\" data-widget_type=\"spacer.default\">\n\t\t\t\t<div class=\"elementor-widget-container\">\n\t\t\t\t\t\t\t<div class=\"elementor-spacer\">\n\t\t\t<div class=\"elementor-spacer-inner\"><\/div>\n\t\t<\/div>\n\t\t\t\t\t\t<\/div>\n\t\t\t\t<\/div>\n\t\t\t\t\t<\/div>\n\t\t\t\t<\/div>\n\t\t<div class=\"elementor-element elementor-element-699ca973 e-flex e-con-boxed wpr-particle-no wpr-jarallax-no wpr-parallax-no wpr-equal-height-no e-con e-parent\" data-id=\"699ca973\" data-element_type=\"container\" data-e-type=\"container\">\n\t\t\t\t\t<div class=\"e-con-inner\">\n\t\t\t\t\t<\/div>\n\t\t\t\t<\/div>\n\t\t\t\t<\/div>","protected":false},"excerpt":{"rendered":"<p>Unsere Leistungen Die kreativen K\u00f6pfe Kunden Highlights \u270b Sag uns Hallo! Feedback Holiday Weekend b2b &#8211; news for thee Facebook und Instagram im ABO Good to know November 8, 2023 Facebook und Instgram ohne Werbung im ABO. Meta hat auf eine EU Vorgabe reagiert und ein ABO Modell f\u00fcr werbefreies Nutzen von Facebook und Instagram eingef\u00fchrt. Das Kuriose daran ist, es gibt zwei ABOS, eines f\u00fcr die Nutzer die Facebook und Instagram nur im Browser nutzen und ein extra ABO f\u00fcr User, die beide Anwendungen am Handy nutzen. Kosten:F\u00fcr Browser 9,99\u20ac pro MonatF\u00fcr Handy 12,99\u20ac pro Monat Was bedeutet das f\u00fcr Deine Werbung?Wenn ein Nutzer dieses ABO abschlie\u00dft, dann sieht er Deine Werbung nicht mehr. Die Frage die sich stellt ist aber ob ein User wirklich bis zu 12,99\u20ac pro Monat f\u00fcr ein werbefreies facebook und Instagram zahlt. Schlie\u00dflich sind das im Jahr 155,88\u20ac f\u00fcr Nutzer am Handy und 119,88\u20ac f\u00fcr Nutzer am PC. Ob das die Mehrheit bereit ist zu zahlen, wagen wir zu bezweifeln. Damit aber die Mehrheit dabei bleibt, sollte die Werbung unbedingt wirksam sein und nicht nervig. Wenn Du durch schlechte Werbung die User dazu zwingst so ein ABO abzuschlie\u00dfen, dann bist Du selber Schuld daran. Das Gute ist, wir k\u00f6nnen Dir helfen, professionelle und wirkungsvolle Werbung zu entwickeln.<\/p>","protected":false},"author":2,"featured_media":3031,"comment_status":"closed","ping_status":"open","sticky":false,"template":"","format":"standard","meta":{"content-type":"","footnotes":""},"categories":[5],"tags":[],"class_list":["post-3030","post","type-post","status-publish","format-standard","has-post-thumbnail","hentry","category-good-to-know"],"yoast_head":"<!-- This site is optimized with the Yoast SEO plugin v27.4 - https:\/\/yoast.com\/product\/yoast-seo-wordpress\/ -->\n<title>Facebook und Instagram im ABO - b2b design Werbe- und Marketing Agentur<\/title>\n<meta name=\"robots\" content=\"index, follow, max-snippet:-1, max-image-preview:large, max-video-preview:-1\" \/>\n<link rel=\"canonical\" href=\"https:\/\/b2bdesign.de\/en\/facebook-und-instagram-im-abo\/\" \/>\n<meta property=\"og:locale\" content=\"en_GB\" \/>\n<meta property=\"og:type\" content=\"article\" \/>\n<meta property=\"og:title\" content=\"Facebook und Instagram im ABO - b2b design Werbe- und Marketing Agentur\" \/>\n<meta property=\"og:description\" content=\"Unsere Leistungen Die kreativen K\u00f6pfe Kunden Highlights \u270b Sag uns Hallo! Feedback Holiday Weekend b2b &#8211; news for thee Facebook und Instagram im ABO Good to know November 8, 2023 Facebook und Instgram ohne Werbung im ABO. Meta hat auf eine EU Vorgabe reagiert und ein ABO Modell f\u00fcr werbefreies Nutzen von Facebook und Instagram eingef\u00fchrt. Das Kuriose daran ist, es gibt zwei ABOS, eines f\u00fcr die Nutzer die Facebook und Instagram nur im Browser nutzen und ein extra ABO f\u00fcr User, die beide Anwendungen am Handy nutzen. Kosten:F\u00fcr Browser 9,99\u20ac pro MonatF\u00fcr Handy 12,99\u20ac pro Monat Was bedeutet das f\u00fcr Deine Werbung?Wenn ein Nutzer dieses ABO abschlie\u00dft, dann sieht er Deine Werbung nicht mehr. Die Frage die sich stellt ist aber ob ein User wirklich bis zu 12,99\u20ac pro Monat f\u00fcr ein werbefreies facebook und Instagram zahlt. Schlie\u00dflich sind das im Jahr 155,88\u20ac f\u00fcr Nutzer am Handy und 119,88\u20ac f\u00fcr Nutzer am PC. Ob das die Mehrheit bereit ist zu zahlen, wagen wir zu bezweifeln. Damit aber die Mehrheit dabei bleibt, sollte die Werbung unbedingt wirksam sein und nicht nervig. Wenn Du durch schlechte Werbung die User dazu zwingst so ein ABO abzuschlie\u00dfen, dann bist Du selber Schuld daran. Das Gute ist, wir k\u00f6nnen Dir helfen, professionelle und wirkungsvolle Werbung zu entwickeln.\" \/>\n<meta property=\"og:url\" content=\"https:\/\/b2bdesign.de\/en\/facebook-und-instagram-im-abo\/\" \/>\n<meta property=\"og:site_name\" content=\"b2b design Werbe- und Marketing Agentur\" \/>\n<meta property=\"article:published_time\" content=\"2023-11-08T14:28:33+00:00\" \/>\n<meta property=\"article:modified_time\" content=\"2023-11-08T17:42:55+00:00\" \/>\n<meta property=\"og:image\" content=\"https:\/\/b2bdesign.de\/wp-content\/uploads\/2023\/11\/facebook-abo.jpg\" \/>\n\t<meta property=\"og:image:width\" content=\"800\" \/>\n\t<meta property=\"og:image:height\" content=\"400\" \/>\n\t<meta property=\"og:image:type\" content=\"image\/jpeg\" \/>\n<meta name=\"author\" content=\"Ulli Hantke\" \/>\n<meta name=\"twitter:card\" content=\"summary_large_image\" \/>\n<meta name=\"twitter:label1\" content=\"Written by\" \/>\n\t<meta name=\"twitter:data1\" content=\"Ulli Hantke\" \/>\n\t<meta name=\"twitter:label2\" content=\"Estimated reading time\" \/>\n\t<meta name=\"twitter:data2\" content=\"2 minutes\" \/>\n<script type=\"application\/ld+json\" class=\"yoast-schema-graph\">{\"@context\":\"https:\\\/\\\/schema.org\",\"@graph\":[{\"@type\":\"Article\",\"@id\":\"https:\\\/\\\/b2bdesign.de\\\/facebook-und-instagram-im-abo\\\/#article\",\"isPartOf\":{\"@id\":\"https:\\\/\\\/b2bdesign.de\\\/facebook-und-instagram-im-abo\\\/\"},\"author\":{\"name\":\"Ulli Hantke\",\"@id\":\"https:\\\/\\\/b2bdesign.de\\\/#\\\/schema\\\/person\\\/4e253a19c089ade4d87ba8c17b9dc644\"},\"headline\":\"Facebook und Instagram im ABO\",\"datePublished\":\"2023-11-08T14:28:33+00:00\",\"dateModified\":\"2023-11-08T17:42:55+00:00\",\"mainEntityOfPage\":{\"@id\":\"https:\\\/\\\/b2bdesign.de\\\/facebook-und-instagram-im-abo\\\/\"},\"wordCount\":228,\"publisher\":{\"@id\":\"https:\\\/\\\/b2bdesign.de\\\/#organization\"},\"image\":{\"@id\":\"https:\\\/\\\/b2bdesign.de\\\/facebook-und-instagram-im-abo\\\/#primaryimage\"},\"thumbnailUrl\":\"https:\\\/\\\/b2bdesign.de\\\/wp-content\\\/uploads\\\/2023\\\/11\\\/facebook-abo.jpg\",\"articleSection\":[\"Good to know\"],\"inLanguage\":\"en-GB\"},{\"@type\":\"WebPage\",\"@id\":\"https:\\\/\\\/b2bdesign.de\\\/facebook-und-instagram-im-abo\\\/\",\"url\":\"https:\\\/\\\/b2bdesign.de\\\/facebook-und-instagram-im-abo\\\/\",\"name\":\"Facebook und Instagram im ABO - b2b design Werbe- und Marketing Agentur\",\"isPartOf\":{\"@id\":\"https:\\\/\\\/b2bdesign.de\\\/#website\"},\"primaryImageOfPage\":{\"@id\":\"https:\\\/\\\/b2bdesign.de\\\/facebook-und-instagram-im-abo\\\/#primaryimage\"},\"image\":{\"@id\":\"https:\\\/\\\/b2bdesign.de\\\/facebook-und-instagram-im-abo\\\/#primaryimage\"},\"thumbnailUrl\":\"https:\\\/\\\/b2bdesign.de\\\/wp-content\\\/uploads\\\/2023\\\/11\\\/facebook-abo.jpg\",\"datePublished\":\"2023-11-08T14:28:33+00:00\",\"dateModified\":\"2023-11-08T17:42:55+00:00\",\"breadcrumb\":{\"@id\":\"https:\\\/\\\/b2bdesign.de\\\/facebook-und-instagram-im-abo\\\/#breadcrumb\"},\"inLanguage\":\"en-GB\",\"potentialAction\":[{\"@type\":\"ReadAction\",\"target\":[\"https:\\\/\\\/b2bdesign.de\\\/facebook-und-instagram-im-abo\\\/\"]}]},{\"@type\":\"ImageObject\",\"inLanguage\":\"en-GB\",\"@id\":\"https:\\\/\\\/b2bdesign.de\\\/facebook-und-instagram-im-abo\\\/#primaryimage\",\"url\":\"https:\\\/\\\/b2bdesign.de\\\/wp-content\\\/uploads\\\/2023\\\/11\\\/facebook-abo.jpg\",\"contentUrl\":\"https:\\\/\\\/b2bdesign.de\\\/wp-content\\\/uploads\\\/2023\\\/11\\\/facebook-abo.jpg\",\"width\":800,\"height\":400},{\"@type\":\"BreadcrumbList\",\"@id\":\"https:\\\/\\\/b2bdesign.de\\\/facebook-und-instagram-im-abo\\\/#breadcrumb\",\"itemListElement\":[{\"@type\":\"ListItem\",\"position\":1,\"name\":\"Startseite\",\"item\":\"https:\\\/\\\/b2bdesign.de\\\/\"},{\"@type\":\"ListItem\",\"position\":2,\"name\":\"Facebook und Instagram im ABO\"}]},{\"@type\":\"WebSite\",\"@id\":\"https:\\\/\\\/b2bdesign.de\\\/#website\",\"url\":\"https:\\\/\\\/b2bdesign.de\\\/\",\"name\":\"b2b design Werbe- und Marketing Agentur\",\"description\":\"\",\"publisher\":{\"@id\":\"https:\\\/\\\/b2bdesign.de\\\/#organization\"},\"potentialAction\":[{\"@type\":\"SearchAction\",\"target\":{\"@type\":\"EntryPoint\",\"urlTemplate\":\"https:\\\/\\\/b2bdesign.de\\\/?s={search_term_string}\"},\"query-input\":{\"@type\":\"PropertyValueSpecification\",\"valueRequired\":true,\"valueName\":\"search_term_string\"}}],\"inLanguage\":\"en-GB\"},{\"@type\":\"Organization\",\"@id\":\"https:\\\/\\\/b2bdesign.de\\\/#organization\",\"name\":\"b2b design e.K.\",\"url\":\"https:\\\/\\\/b2bdesign.de\\\/\",\"logo\":{\"@type\":\"ImageObject\",\"inLanguage\":\"en-GB\",\"@id\":\"https:\\\/\\\/b2bdesign.de\\\/#\\\/schema\\\/logo\\\/image\\\/\",\"url\":\"https:\\\/\\\/b2bdesign.de\\\/wp-content\\\/uploads\\\/2023\\\/10\\\/b2b-design-logo-webseite-1.svg\",\"contentUrl\":\"https:\\\/\\\/b2bdesign.de\\\/wp-content\\\/uploads\\\/2023\\\/10\\\/b2b-design-logo-webseite-1.svg\",\"width\":100,\"height\":350,\"caption\":\"b2b design e.K.\"},\"image\":{\"@id\":\"https:\\\/\\\/b2bdesign.de\\\/#\\\/schema\\\/logo\\\/image\\\/\"},\"sameAs\":[\"https:\\\/\\\/www.linkedin.com\\\/company\\\/b2b-design\",\"https:\\\/\\\/www.instagram.com\\\/b2bdesign2017\\\/\",\"https:\\\/\\\/www.youtube.com\\\/channel\\\/UCOyMQ8GywgDAvFhodpaJk7Q\"]},{\"@type\":\"Person\",\"@id\":\"https:\\\/\\\/b2bdesign.de\\\/#\\\/schema\\\/person\\\/4e253a19c089ade4d87ba8c17b9dc644\",\"name\":\"Ulli Hantke\",\"image\":{\"@type\":\"ImageObject\",\"inLanguage\":\"en-GB\",\"@id\":\"https:\\\/\\\/secure.gravatar.com\\\/avatar\\\/c7c10e378288efef8cd5251a85dd685ee03c3c37a38567336fef3a44fbdb3cde?s=96&d=mm&r=g\",\"url\":\"https:\\\/\\\/secure.gravatar.com\\\/avatar\\\/c7c10e378288efef8cd5251a85dd685ee03c3c37a38567336fef3a44fbdb3cde?s=96&d=mm&r=g\",\"contentUrl\":\"https:\\\/\\\/secure.gravatar.com\\\/avatar\\\/c7c10e378288efef8cd5251a85dd685ee03c3c37a38567336fef3a44fbdb3cde?s=96&d=mm&r=g\",\"caption\":\"Ulli Hantke\"},\"url\":\"https:\\\/\\\/b2bdesign.de\\\/en\\\/author\\\/ulli\\\/\"}]}<\/script>\n<!-- \/ Yoast SEO plugin. -->","yoast_head_json":{"title":"Facebook und Instagram im ABO - b2b design Werbe- und Marketing Agentur","robots":{"index":"index","follow":"follow","max-snippet":"max-snippet:-1","max-image-preview":"max-image-preview:large","max-video-preview":"max-video-preview:-1"},"canonical":"https:\/\/b2bdesign.de\/en\/facebook-und-instagram-im-abo\/","og_locale":"en_GB","og_type":"article","og_title":"Facebook und Instagram im ABO - b2b design Werbe- und Marketing Agentur","og_description":"Unsere Leistungen Die kreativen K\u00f6pfe Kunden Highlights \u270b Sag uns Hallo! Feedback Holiday Weekend b2b &#8211; news for thee Facebook und Instagram im ABO Good to know November 8, 2023 Facebook und Instgram ohne Werbung im ABO. Meta hat auf eine EU Vorgabe reagiert und ein ABO Modell f\u00fcr werbefreies Nutzen von Facebook und Instagram eingef\u00fchrt. Das Kuriose daran ist, es gibt zwei ABOS, eines f\u00fcr die Nutzer die Facebook und Instagram nur im Browser nutzen und ein extra ABO f\u00fcr User, die beide Anwendungen am Handy nutzen. Kosten:F\u00fcr Browser 9,99\u20ac pro MonatF\u00fcr Handy 12,99\u20ac pro Monat Was bedeutet das f\u00fcr Deine Werbung?Wenn ein Nutzer dieses ABO abschlie\u00dft, dann sieht er Deine Werbung nicht mehr. Die Frage die sich stellt ist aber ob ein User wirklich bis zu 12,99\u20ac pro Monat f\u00fcr ein werbefreies facebook und Instagram zahlt. Schlie\u00dflich sind das im Jahr 155,88\u20ac f\u00fcr Nutzer am Handy und 119,88\u20ac f\u00fcr Nutzer am PC. Ob das die Mehrheit bereit ist zu zahlen, wagen wir zu bezweifeln. Damit aber die Mehrheit dabei bleibt, sollte die Werbung unbedingt wirksam sein und nicht nervig. Wenn Du durch schlechte Werbung die User dazu zwingst so ein ABO abzuschlie\u00dfen, dann bist Du selber Schuld daran. Das Gute ist, wir k\u00f6nnen Dir helfen, professionelle und wirkungsvolle Werbung zu entwickeln.","og_url":"https:\/\/b2bdesign.de\/en\/facebook-und-instagram-im-abo\/","og_site_name":"b2b design Werbe- und Marketing Agentur","article_published_time":"2023-11-08T14:28:33+00:00","article_modified_time":"2023-11-08T17:42:55+00:00","og_image":[{"width":800,"height":400,"url":"https:\/\/b2bdesign.de\/wp-content\/uploads\/2023\/11\/facebook-abo.jpg","type":"image\/jpeg"}],"author":"Ulli Hantke","twitter_card":"summary_large_image","twitter_misc":{"Written by":"Ulli Hantke","Estimated reading time":"2 minutes"},"schema":{"@context":"https:\/\/schema.org","@graph":[{"@type":"Article","@id":"https:\/\/b2bdesign.de\/facebook-und-instagram-im-abo\/#article","isPartOf":{"@id":"https:\/\/b2bdesign.de\/facebook-und-instagram-im-abo\/"},"author":{"name":"Ulli Hantke","@id":"https:\/\/b2bdesign.de\/#\/schema\/person\/4e253a19c089ade4d87ba8c17b9dc644"},"headline":"Facebook und Instagram im ABO","datePublished":"2023-11-08T14:28:33+00:00","dateModified":"2023-11-08T17:42:55+00:00","mainEntityOfPage":{"@id":"https:\/\/b2bdesign.de\/facebook-und-instagram-im-abo\/"},"wordCount":228,"publisher":{"@id":"https:\/\/b2bdesign.de\/#organization"},"image":{"@id":"https:\/\/b2bdesign.de\/facebook-und-instagram-im-abo\/#primaryimage"},"thumbnailUrl":"https:\/\/b2bdesign.de\/wp-content\/uploads\/2023\/11\/facebook-abo.jpg","articleSection":["Good to know"],"inLanguage":"en-GB"},{"@type":"WebPage","@id":"https:\/\/b2bdesign.de\/facebook-und-instagram-im-abo\/","url":"https:\/\/b2bdesign.de\/facebook-und-instagram-im-abo\/","name":"Facebook und Instagram im ABO - b2b design Werbe- und Marketing Agentur","isPartOf":{"@id":"https:\/\/b2bdesign.de\/#website"},"primaryImageOfPage":{"@id":"https:\/\/b2bdesign.de\/facebook-und-instagram-im-abo\/#primaryimage"},"image":{"@id":"https:\/\/b2bdesign.de\/facebook-und-instagram-im-abo\/#primaryimage"},"thumbnailUrl":"https:\/\/b2bdesign.de\/wp-content\/uploads\/2023\/11\/facebook-abo.jpg","datePublished":"2023-11-08T14:28:33+00:00","dateModified":"2023-11-08T17:42:55+00:00","breadcrumb":{"@id":"https:\/\/b2bdesign.de\/facebook-und-instagram-im-abo\/#breadcrumb"},"inLanguage":"en-GB","potentialAction":[{"@type":"ReadAction","target":["https:\/\/b2bdesign.de\/facebook-und-instagram-im-abo\/"]}]},{"@type":"ImageObject","inLanguage":"en-GB","@id":"https:\/\/b2bdesign.de\/facebook-und-instagram-im-abo\/#primaryimage","url":"https:\/\/b2bdesign.de\/wp-content\/uploads\/2023\/11\/facebook-abo.jpg","contentUrl":"https:\/\/b2bdesign.de\/wp-content\/uploads\/2023\/11\/facebook-abo.jpg","width":800,"height":400},{"@type":"BreadcrumbList","@id":"https:\/\/b2bdesign.de\/facebook-und-instagram-im-abo\/#breadcrumb","itemListElement":[{"@type":"ListItem","position":1,"name":"Startseite","item":"https:\/\/b2bdesign.de\/"},{"@type":"ListItem","position":2,"name":"Facebook und Instagram im ABO"}]},{"@type":"WebSite","@id":"https:\/\/b2bdesign.de\/#website","url":"https:\/\/b2bdesign.de\/","name":"b2b design Werbe- und Marketing Agentur","description":"","publisher":{"@id":"https:\/\/b2bdesign.de\/#organization"},"potentialAction":[{"@type":"SearchAction","target":{"@type":"EntryPoint","urlTemplate":"https:\/\/b2bdesign.de\/?s={search_term_string}"},"query-input":{"@type":"PropertyValueSpecification","valueRequired":true,"valueName":"search_term_string"}}],"inLanguage":"en-GB"},{"@type":"Organization","@id":"https:\/\/b2bdesign.de\/#organization","name":"b2b design e.K.","url":"https:\/\/b2bdesign.de\/","logo":{"@type":"ImageObject","inLanguage":"en-GB","@id":"https:\/\/b2bdesign.de\/#\/schema\/logo\/image\/","url":"https:\/\/b2bdesign.de\/wp-content\/uploads\/2023\/10\/b2b-design-logo-webseite-1.svg","contentUrl":"https:\/\/b2bdesign.de\/wp-content\/uploads\/2023\/10\/b2b-design-logo-webseite-1.svg","width":100,"height":350,"caption":"b2b design e.K."},"image":{"@id":"https:\/\/b2bdesign.de\/#\/schema\/logo\/image\/"},"sameAs":["https:\/\/www.linkedin.com\/company\/b2b-design","https:\/\/www.instagram.com\/b2bdesign2017\/","https:\/\/www.youtube.com\/channel\/UCOyMQ8GywgDAvFhodpaJk7Q"]},{"@type":"Person","@id":"https:\/\/b2bdesign.de\/#\/schema\/person\/4e253a19c089ade4d87ba8c17b9dc644","name":"Ulli Hantke","image":{"@type":"ImageObject","inLanguage":"en-GB","@id":"https:\/\/secure.gravatar.com\/avatar\/c7c10e378288efef8cd5251a85dd685ee03c3c37a38567336fef3a44fbdb3cde?s=96&d=mm&r=g","url":"https:\/\/secure.gravatar.com\/avatar\/c7c10e378288efef8cd5251a85dd685ee03c3c37a38567336fef3a44fbdb3cde?s=96&d=mm&r=g","contentUrl":"https:\/\/secure.gravatar.com\/avatar\/c7c10e378288efef8cd5251a85dd685ee03c3c37a38567336fef3a44fbdb3cde?s=96&d=mm&r=g","caption":"Ulli Hantke"},"url":"https:\/\/b2bdesign.de\/en\/author\/ulli\/"}]}},"_links":{"self":[{"href":"https:\/\/b2bdesign.de\/en\/wp-json\/wp\/v2\/posts\/3030","targetHints":{"allow":["GET"]}}],"collection":[{"href":"https:\/\/b2bdesign.de\/en\/wp-json\/wp\/v2\/posts"}],"about":[{"href":"https:\/\/b2bdesign.de\/en\/wp-json\/wp\/v2\/types\/post"}],"author":[{"embeddable":true,"href":"https:\/\/b2bdesign.de\/en\/wp-json\/wp\/v2\/users\/2"}],"replies":[{"embeddable":true,"href":"https:\/\/b2bdesign.de\/en\/wp-json\/wp\/v2\/comments?post=3030"}],"version-history":[{"count":10,"href":"https:\/\/b2bdesign.de\/en\/wp-json\/wp\/v2\/posts\/3030\/revisions"}],"predecessor-version":[{"id":3082,"href":"https:\/\/b2bdesign.de\/en\/wp-json\/wp\/v2\/posts\/3030\/revisions\/3082"}],"wp:featuredmedia":[{"embeddable":true,"href":"https:\/\/b2bdesign.de\/en\/wp-json\/wp\/v2\/media\/3031"}],"wp:attachment":[{"href":"https:\/\/b2bdesign.de\/en\/wp-json\/wp\/v2\/media?parent=3030"}],"wp:term":[{"taxonomy":"category","embeddable":true,"href":"https:\/\/b2bdesign.de\/en\/wp-json\/wp\/v2\/categories?post=3030"},{"taxonomy":"post_tag","embeddable":true,"href":"https:\/\/b2bdesign.de\/en\/wp-json\/wp\/v2\/tags?post=3030"}],"curies":[{"name":"wp","href":"https:\/\/api.w.org\/{rel}","templated":true}]}}