{"id":2606,"date":"2023-07-27T22:10:00","date_gmt":"2023-07-27T22:10:00","guid":{"rendered":"https:\/\/b2bdesign.de\/?p=2606"},"modified":"2023-10-24T22:14:15","modified_gmt":"2023-10-24T22:14:15","slug":"der-bauch-hat-leider-meistens-recht","status":"publish","type":"post","link":"https:\/\/b2bdesign.de\/en\/der-bauch-hat-leider-meistens-recht\/","title":{"rendered":"Der Bauch hat \u201eleider\u201c meistens recht!"},"content":{"rendered":"<div data-elementor-type=\"wp-post\" data-elementor-id=\"2606\" class=\"elementor elementor-2606\" data-elementor-post-type=\"post\">\n\t\t\t\t<div class=\"elementor-element elementor-element-65c3feb8 e-flex e-con-boxed wpr-particle-no wpr-jarallax-no wpr-parallax-no wpr-equal-height-no e-con e-parent\" data-id=\"65c3feb8\" data-element_type=\"container\" data-e-type=\"container\" data-settings=\"{&quot;background_background&quot;:&quot;classic&quot;}\">\n\t\t\t\t\t<div class=\"e-con-inner\">\n\t\t\t\t<div class=\"elementor-element elementor-element-be18eed premium-nav-slide premium-hidden-icon-yes premium-disable-scroll-yes elementor-fixed elementor-widget-mobile__width-initial elementor-widget__width-initial elementor-hidden-widescreen elementor-hidden-desktop elementor-hidden-tablet_extra elementor-hidden-tablet elementor-hidden-mobile premium-slide-auto elementor-widget elementor-widget-global elementor-global-2040 elementor-widget-premium-nav-menu\" data-id=\"be18eed\" data-element_type=\"widget\" data-e-type=\"widget\" data-settings=\"{&quot;_position&quot;:&quot;fixed&quot;,&quot;submenu_icon&quot;:{&quot;value&quot;:&quot;fas fa-angle-down&quot;,&quot;library&quot;:&quot;fa-solid&quot;},&quot;submenu_item_icon&quot;:{&quot;value&quot;:&quot;&quot;,&quot;library&quot;:&quot;&quot;}}\" data-widget_type=\"premium-nav-menu.default\">\n\t\t\t\t<div class=\"elementor-widget-container\">\n\t\t\t\t\t\t\t<div data-settings=\"{&quot;breakpoint&quot;:0,&quot;mobileLayout&quot;:null,&quot;mainLayout&quot;:&quot;slide&quot;,&quot;stretchDropdown&quot;:false,&quot;hoverEffect&quot;:&quot;&quot;,&quot;submenuEvent&quot;:null,&quot;submenuTrigger&quot;:&quot;item&quot;,&quot;closeAfterClick&quot;:true,&quot;renderMobileMenu&quot;:true}\" class=\"premium-nav-widget-container premium-nav-pointer-none\" style=\"visibility:hidden; opacity:0;\">\n\t\t\t<div class=\"premium-ver-inner-container\">\n\t\t\t\t\t\t\t\t\t<div class=\"premium-hamburger-toggle premium-mobile-menu-icon\" role=\"button\" aria-label=\"Toggle Menu\">\n\t\t\t\t\t\t<span class=\"premium-toggle-text\">\n\t\t\t\t\t\t\t<i aria-hidden=\"true\" class=\"fas fa-bars\"><\/i>\t\t\t\t\t\t<\/span>\n\t\t\t\t\t\t<span class=\"premium-toggle-close\">\n\t\t\t\t\t\t\t<i aria-hidden=\"true\" class=\"fas fa-times\"><\/i>\t\t\t\t\t\t<\/span>\n\t\t\t\t\t<\/div>\n\t\t\t\t\t\t\t\t\t\t<div class=\"premium-nav-slide-overlay\"><\/div>\n\t\t\t\t\t<div class=\"premium-mobile-menu-outer-container\">\n\t\t\t\t\t\t<div class=\"premium-mobile-menu-close\" role=\"button\" aria-label=\"Close Menu\">\n\t\t\t\t\t\t\t<i aria-hidden=\"true\" class=\"fas fa-times\"><\/i>\t\t\t\t\t\t\t<span class=\"premium-toggle-close\"><\/span>\n\t\t\t\t\t\t<\/div>\n\t\t\t\t\t\t\t\t\t\t\t\t<div class=\"premium-mobile-menu-container\">\n\t\t\t\t\t\t\t\t\t\t\t\t\t\t\t<ul id=\"menu-hauptmenue-1\" class=\"premium-mobile-menu premium-main-mobile-menu premium-main-nav-menu\"><li id=\"premium-nav-menu-item-80321\" class=\"menu-item menu-item-type-post_type menu-item-object-page premium-nav-menu-item\"><a href=\"https:\/\/b2bdesign.de\/en\/leistungen\/\" class=\"premium-menu-link premium-menu-link-parent premium-lq__none\">Unsere Leistungen<\/a><\/li>\n<li id=\"premium-nav-menu-item-10142\" class=\"menu-item menu-item-type-post_type menu-item-object-page premium-nav-menu-item\"><a href=\"https:\/\/b2bdesign.de\/en\/about-us-alt\/\" class=\"premium-menu-link premium-menu-link-parent premium-lq__none\">Das ist b2b design<\/a><\/li>\n<li id=\"premium-nav-menu-item-18643\" class=\"menu-item menu-item-type-post_type menu-item-object-page premium-nav-menu-item\"><a href=\"https:\/\/b2bdesign.de\/en\/unsere-projekte\/\" class=\"premium-menu-link premium-menu-link-parent premium-lq__none\">Erfolgsgeschichten<\/a><\/li>\n<li id=\"premium-nav-menu-item-14594\" class=\"menu-item menu-item-type-post_type menu-item-object-page premium-nav-menu-item\"><a href=\"https:\/\/b2bdesign.de\/en\/kontakt\/\" class=\"premium-menu-link premium-menu-link-parent premium-lq__none\">\u270b Sag uns Hallo!<\/a><\/li>\n<\/ul>\t\t\t\t\t\t\t\t\t\t\t\t\t\t<\/div>\n\t\t\t\t\t\t<\/div>\t\t\t\t<\/div>\n\t\t\t<\/div>\n\t\t\t\t\t\t\t<\/div>\n\t\t\t\t<\/div>\n\t\t\t\t<div class=\"elementor-element elementor-element-32b01831 elementor-headline--style-highlight elementor-widget elementor-widget-animated-headline\" data-id=\"32b01831\" data-element_type=\"widget\" data-e-type=\"widget\" data-settings=\"{&quot;marker&quot;:&quot;underline_zigzag&quot;,&quot;highlighted_text&quot;:&quot;news for thee&quot;,&quot;headline_style&quot;:&quot;highlight&quot;,&quot;loop&quot;:&quot;yes&quot;,&quot;highlight_animation_duration&quot;:1200,&quot;highlight_iteration_delay&quot;:8000}\" data-widget_type=\"animated-headline.default\">\n\t\t\t\t<div class=\"elementor-widget-container\">\n\t\t\t\t\t\t\t<h3 class=\"elementor-headline\">\n\t\t\t\t\t<span class=\"elementor-headline-plain-text elementor-headline-text-wrapper\">b2b - <\/span>\n\t\t\t\t<span class=\"elementor-headline-dynamic-wrapper elementor-headline-text-wrapper\">\n\t\t\t\t\t<span class=\"elementor-headline-dynamic-text elementor-headline-text-active\">news for thee<\/span>\n\t\t\t\t<\/span>\n\t\t\t\t<\/h3>\n\t\t\t\t\t\t<\/div>\n\t\t\t\t<\/div>\n\t\t\t\t\t<\/div>\n\t\t\t\t<\/div>\n\t\t<div class=\"elementor-element elementor-element-4b51af76 e-flex e-con-boxed wpr-particle-no wpr-jarallax-no wpr-parallax-no wpr-equal-height-no e-con e-parent\" data-id=\"4b51af76\" data-element_type=\"container\" data-e-type=\"container\">\n\t\t\t\t\t<div class=\"e-con-inner\">\n\t\t\t\t<div class=\"elementor-element elementor-element-3d40bd4 elementor-widget elementor-widget-global elementor-global-2367 elementor-widget-breadcrumbs\" data-id=\"3d40bd4\" data-element_type=\"widget\" data-e-type=\"widget\" data-widget_type=\"breadcrumbs.default\">\n\t\t\t\t<div class=\"elementor-widget-container\">\n\t\t\t\t\t<p id=\"breadcrumbs\"><span><span><a href=\"https:\/\/b2bdesign.de\/\">Startseite<\/a><\/span><\/span><\/p>\t\t\t\t<\/div>\n\t\t\t\t<\/div>\n\t\t\t\t<div class=\"elementor-element elementor-element-766bbb2a elementor-widget elementor-widget-spacer\" data-id=\"766bbb2a\" data-element_type=\"widget\" data-e-type=\"widget\" data-widget_type=\"spacer.default\">\n\t\t\t\t<div class=\"elementor-widget-container\">\n\t\t\t\t\t\t\t<div class=\"elementor-spacer\">\n\t\t\t<div class=\"elementor-spacer-inner\"><\/div>\n\t\t<\/div>\n\t\t\t\t\t\t<\/div>\n\t\t\t\t<\/div>\n\t\t\t\t\t<\/div>\n\t\t\t\t<\/div>\n\t\t<div class=\"elementor-element elementor-element-1516c85c e-flex e-con-boxed wpr-particle-no wpr-jarallax-no wpr-parallax-no wpr-equal-height-no e-con e-parent\" data-id=\"1516c85c\" data-element_type=\"container\" data-e-type=\"container\">\n\t\t\t\t\t<div class=\"e-con-inner\">\n\t\t<div class=\"elementor-element elementor-element-4a67f8d1 e-con-full e-flex wpr-particle-no wpr-jarallax-no wpr-parallax-no wpr-equal-height-no e-con e-child\" data-id=\"4a67f8d1\" data-element_type=\"container\" data-e-type=\"container\">\n\t\t\t\t<div class=\"elementor-element elementor-element-35393ee2 elementor-widget elementor-widget-wpr-post-title\" data-id=\"35393ee2\" data-element_type=\"widget\" data-e-type=\"widget\" data-widget_type=\"wpr-post-title.default\">\n\t\t\t\t<div class=\"elementor-widget-container\">\n\t\t\t\t\t<h1 class=\"wpr-post-title\">Der Bauch hat \u201eleider\u201c meistens recht!<\/h1>\t\t\t\t<\/div>\n\t\t\t\t<\/div>\n\t\t\t\t<div class=\"elementor-element elementor-element-31b440f7 wpr-post-info-align-left elementor-widget elementor-widget-wpr-post-info\" data-id=\"31b440f7\" data-element_type=\"widget\" data-e-type=\"widget\" data-widget_type=\"wpr-post-info.default\">\n\t\t\t\t<div class=\"elementor-widget-container\">\n\t\t\t\t\t<ul class=\"wpr-post-info wpr-post-info-vertical\"><li class=\"wpr-post-info-taxonomy\"><a href=\"https:\/\/b2bdesign.de\/en\/category\/good-to-know\/\">Good to know<\/a><\/li><li class=\"wpr-post-info-date\"><span>July 27, 2023<\/span><\/li><\/ul>\t\t\t\t<\/div>\n\t\t\t\t<\/div>\n\t\t\t\t<div class=\"elementor-element elementor-element-4e812536 elementor-widget elementor-widget-text-editor\" data-id=\"4e812536\" data-element_type=\"widget\" data-e-type=\"widget\" data-widget_type=\"text-editor.default\">\n\t\t\t\t<div class=\"elementor-widget-container\">\n\t\t\t\t\t\t\t\t\t<div><h5><strong>Manchmal muss man \u201eNein\u201c sagen k\u00f6nnen<\/strong><\/h5><p>\u00a0<\/p><div>Kennt ihr das? Ein m\u00f6glicher Kunde nimmt Kontakt mit Euch auf und ist an einer Zusammenarbeit interessiert, doch schon beim ersten Gespr\u00e4ch entwickelt sich so ein komisches Gef\u00fchl in der Magengegend. Aber das Auftragsvolumen und das Projekt klingen lukrativ und interessant.<\/div><\/div>\t\t\t\t\t\t\t\t<\/div>\n\t\t\t\t<\/div>\n\t\t\t\t<\/div>\n\t\t<div class=\"elementor-element elementor-element-512e9d2e e-con-full e-flex wpr-particle-no wpr-jarallax-no wpr-parallax-no wpr-equal-height-no e-con e-child\" data-id=\"512e9d2e\" data-element_type=\"container\" data-e-type=\"container\">\n\t\t\t\t<div class=\"elementor-element elementor-element-4b380df8 elementor-widget elementor-widget-image\" data-id=\"4b380df8\" data-element_type=\"widget\" data-e-type=\"widget\" data-widget_type=\"image.default\">\n\t\t\t\t<div class=\"elementor-widget-container\">\n\t\t\t\t\t\t\t\t\t\t\t\t\t\t\t<img fetchpriority=\"high\" decoding=\"async\" width=\"800\" height=\"400\" src=\"https:\/\/b2bdesign.de\/wp-content\/uploads\/2023\/10\/beitragsbild-ulli.jpg\" class=\"attachment-large size-large wp-image-2607\" alt=\"\" srcset=\"https:\/\/b2bdesign.de\/wp-content\/uploads\/2023\/10\/beitragsbild-ulli.jpg 800w, https:\/\/b2bdesign.de\/wp-content\/uploads\/2023\/10\/beitragsbild-ulli-300x150.jpg 300w, https:\/\/b2bdesign.de\/wp-content\/uploads\/2023\/10\/beitragsbild-ulli-768x384.jpg 768w\" sizes=\"(max-width: 800px) 100vw, 800px\" \/>\t\t\t\t\t\t\t\t\t\t\t\t\t\t\t<\/div>\n\t\t\t\t<\/div>\n\t\t\t\t<\/div>\n\t\t\t\t\t<\/div>\n\t\t\t\t<\/div>\n\t\t<div class=\"elementor-element elementor-element-752ce4c2 e-flex e-con-boxed wpr-particle-no wpr-jarallax-no wpr-parallax-no wpr-equal-height-no e-con e-parent\" data-id=\"752ce4c2\" data-element_type=\"container\" data-e-type=\"container\">\n\t\t\t\t\t<div class=\"e-con-inner\">\n\t\t\t\t<div class=\"elementor-element elementor-element-2dc5e90 elementor-widget elementor-widget-spacer\" data-id=\"2dc5e90\" data-element_type=\"widget\" data-e-type=\"widget\" data-widget_type=\"spacer.default\">\n\t\t\t\t<div class=\"elementor-widget-container\">\n\t\t\t\t\t\t\t<div class=\"elementor-spacer\">\n\t\t\t<div class=\"elementor-spacer-inner\"><\/div>\n\t\t<\/div>\n\t\t\t\t\t\t<\/div>\n\t\t\t\t<\/div>\n\t\t\t\t<div class=\"elementor-element elementor-element-f8fc8c3 elementor-widget elementor-widget-text-editor\" data-id=\"f8fc8c3\" data-element_type=\"widget\" data-e-type=\"widget\" data-widget_type=\"text-editor.default\">\n\t\t\t\t<div class=\"elementor-widget-container\">\n\t\t\t\t\t\t\t\t\t<div>Beim zweiten Gespr\u00e4ch wird das Gef\u00fchl nicht besser, aber man hat im Hinterkopf, das Geld w\u00fcrde nicht schaden und der Auftrag klingt generell auch sehr ansprechend.<\/div><p>\u00a0<\/p><div><strong>Was machen: Kopf oder Bauch?<\/strong><\/div><div>\u00a0<\/div><div>Bei allen Auftr\u00e4gen, die wir durchgef\u00fchrt haben und schon am Anfang so ein Gef\u00fchlt hatten, hat sich das Projekt bzw. die Zusammenarbeit als Katastrophe herausgestellt. Nicht weil wir dem Auftrag nicht gewachsen waren, sondern weil wir und der Kunde einfach nicht zusammengepasst haben.<\/div><p>\u00a0<\/p><div>Als junge Agentur, die noch ihren Platz auf den Markt sucht oder festigen m\u00f6chte, ist jeder Auftrag der Geld in die Kassen sp\u00fclt wichtig und daher ist die Stimme im Kopf oft lauter als die Stimme im Bauch. Man muss ja die Geh\u00e4lter zahlen und der Vermieter will auch sein Geld und die bl\u00f6de Software kostet auch was. All das geht einem als Chef durch den Kopf und dann entscheidet man.<\/div><p>\u00a0<\/p><div>Doch auch mit mehr Erfahrung, ist die Stimme im Kopf immer noch sehr laut und die Sorgen sind auch noch da.<\/div><p><br \/><strong>Was war die L\u00f6sung?<\/strong><\/p><div>Wir besprechen Auftr\u00e4ge ab einem gewissen Volumen und zeitlichen Anspruch im Team und \u00fcberlegen, ob der Kunde und wir zusammen passen. Wichtig ist auch, dass wir glauben ein Ergebnis pr\u00e4sentieren zu k\u00f6nnen, auf das wir genauso stolz sein k\u00f6nnen, wie der Kunden es hoffentlich auch sein wird.<\/div><p>\u00a0<\/p><div>Die Zeiten, in denen wir denken m\u00fcssen, \u201ehoffentlich ist der Auftrag bald fertig und hoffentlich zahlt der Kunde auch\u201c, wollen wir damit beenden. Man ist nie vor sowas gefeit, aber seit dem wir offen dar\u00fcber sprechen, ist uns das nicht mehr passiert.<\/div><p>\u00a0<\/p><h5><strong>Fazit:<\/strong><\/h5><div>Der Bauch hat \u201eleider\u201c meistens recht!<\/div>\t\t\t\t\t\t\t\t<\/div>\n\t\t\t\t<\/div>\n\t\t\t\t<div class=\"elementor-element elementor-element-5d3a0d95 elementor-widget elementor-widget-spacer\" data-id=\"5d3a0d95\" data-element_type=\"widget\" data-e-type=\"widget\" data-widget_type=\"spacer.default\">\n\t\t\t\t<div class=\"elementor-widget-container\">\n\t\t\t\t\t\t\t<div class=\"elementor-spacer\">\n\t\t\t<div class=\"elementor-spacer-inner\"><\/div>\n\t\t<\/div>\n\t\t\t\t\t\t<\/div>\n\t\t\t\t<\/div>\n\t\t\t\t\t<\/div>\n\t\t\t\t<\/div>\n\t\t<div class=\"elementor-element elementor-element-52b8f45c e-flex e-con-boxed wpr-particle-no wpr-jarallax-no wpr-parallax-no wpr-equal-height-no e-con e-parent\" data-id=\"52b8f45c\" data-element_type=\"container\" data-e-type=\"container\">\n\t\t\t\t\t<div class=\"e-con-inner\">\n\t\t\t\t\t<\/div>\n\t\t\t\t<\/div>\n\t\t\t\t<\/div>","protected":false},"excerpt":{"rendered":"<p>Leistungen about us Kontakt Projekte b2b &#8211; news for thee Der Bauch hat \u201eleider\u201c meistens recht! Good to know Juli 27, 2023 Manchmal muss man \u201eNein\u201c sagen k\u00f6nnen \u00a0 Kennt ihr das? Ein m\u00f6glicher Kunde nimmt Kontakt mit Euch auf und ist an einer Zusammenarbeit interessiert, doch schon beim ersten Gespr\u00e4ch entwickelt sich so ein komisches Gef\u00fchl in der Magengegend. Aber das Auftragsvolumen und das Projekt klingen lukrativ und interessant. Beim zweiten Gespr\u00e4ch wird das Gef\u00fchl nicht besser, aber man hat im Hinterkopf, das Geld w\u00fcrde nicht schaden und der Auftrag klingt generell auch sehr ansprechend. \u00a0 Was machen: Kopf oder Bauch?\u00a0Bei allen Auftr\u00e4gen, die wir durchgef\u00fchrt haben und schon am Anfang so ein Gef\u00fchlt hatten, hat sich das Projekt bzw. die Zusammenarbeit als Katastrophe herausgestellt. Nicht weil wir dem Auftrag nicht gewachsen waren, sondern weil wir und der Kunde einfach nicht zusammengepasst haben. \u00a0 Als junge Agentur, die noch ihren Platz auf den Markt sucht oder festigen m\u00f6chte, ist jeder Auftrag der Geld in die Kassen sp\u00fclt wichtig und daher ist die Stimme im Kopf oft lauter als die Stimme im Bauch. Man muss ja die Geh\u00e4lter zahlen und der Vermieter will auch sein Geld und die bl\u00f6de Software kostet auch was. All das geht einem als Chef durch den Kopf und dann entscheidet man. \u00a0 Doch auch mit mehr Erfahrung, ist die Stimme im Kopf immer noch sehr laut und die Sorgen sind auch noch da. Was war die L\u00f6sung? Wir besprechen Auftr\u00e4ge ab einem gewissen Volumen und zeitlichen Anspruch im Team und \u00fcberlegen, ob der Kunde und wir zusammen passen. Wichtig ist auch, dass wir glauben ein Ergebnis pr\u00e4sentieren zu k\u00f6nnen, auf das wir genauso stolz sein k\u00f6nnen, wie der Kunden es hoffentlich auch sein wird. \u00a0 Die Zeiten, in denen wir denken m\u00fcssen, \u201ehoffentlich ist der Auftrag bald fertig und hoffentlich zahlt der Kunde auch\u201c, wollen wir damit beenden. Man ist nie vor sowas gefeit, aber seit dem wir offen dar\u00fcber sprechen, ist uns das nicht mehr passiert. \u00a0 Fazit: Der Bauch hat \u201eleider\u201c meistens recht!<\/p>","protected":false},"author":2,"featured_media":2607,"comment_status":"closed","ping_status":"open","sticky":false,"template":"","format":"standard","meta":{"content-type":"","footnotes":""},"categories":[5],"tags":[],"class_list":["post-2606","post","type-post","status-publish","format-standard","has-post-thumbnail","hentry","category-good-to-know"],"yoast_head":"<!-- This site is optimized with the Yoast SEO plugin v27.4 - https:\/\/yoast.com\/product\/yoast-seo-wordpress\/ -->\n<title>Der Bauch hat \u201eleider\u201c meistens recht! - b2b design Werbe- und Marketing Agentur<\/title>\n<meta name=\"robots\" content=\"index, follow, max-snippet:-1, max-image-preview:large, max-video-preview:-1\" \/>\n<link rel=\"canonical\" href=\"https:\/\/b2bdesign.de\/en\/der-bauch-hat-leider-meistens-recht\/\" \/>\n<meta property=\"og:locale\" content=\"en_GB\" \/>\n<meta property=\"og:type\" content=\"article\" \/>\n<meta property=\"og:title\" content=\"Der Bauch hat \u201eleider\u201c meistens recht! - b2b design Werbe- und Marketing Agentur\" \/>\n<meta property=\"og:description\" content=\"Leistungen about us Kontakt Projekte b2b &#8211; news for thee Der Bauch hat \u201eleider\u201c meistens recht! Good to know Juli 27, 2023 Manchmal muss man \u201eNein\u201c sagen k\u00f6nnen \u00a0 Kennt ihr das? Ein m\u00f6glicher Kunde nimmt Kontakt mit Euch auf und ist an einer Zusammenarbeit interessiert, doch schon beim ersten Gespr\u00e4ch entwickelt sich so ein komisches Gef\u00fchl in der Magengegend. Aber das Auftragsvolumen und das Projekt klingen lukrativ und interessant. Beim zweiten Gespr\u00e4ch wird das Gef\u00fchl nicht besser, aber man hat im Hinterkopf, das Geld w\u00fcrde nicht schaden und der Auftrag klingt generell auch sehr ansprechend. \u00a0 Was machen: Kopf oder Bauch?\u00a0Bei allen Auftr\u00e4gen, die wir durchgef\u00fchrt haben und schon am Anfang so ein Gef\u00fchlt hatten, hat sich das Projekt bzw. die Zusammenarbeit als Katastrophe herausgestellt. Nicht weil wir dem Auftrag nicht gewachsen waren, sondern weil wir und der Kunde einfach nicht zusammengepasst haben. \u00a0 Als junge Agentur, die noch ihren Platz auf den Markt sucht oder festigen m\u00f6chte, ist jeder Auftrag der Geld in die Kassen sp\u00fclt wichtig und daher ist die Stimme im Kopf oft lauter als die Stimme im Bauch. Man muss ja die Geh\u00e4lter zahlen und der Vermieter will auch sein Geld und die bl\u00f6de Software kostet auch was. All das geht einem als Chef durch den Kopf und dann entscheidet man. \u00a0 Doch auch mit mehr Erfahrung, ist die Stimme im Kopf immer noch sehr laut und die Sorgen sind auch noch da. Was war die L\u00f6sung? Wir besprechen Auftr\u00e4ge ab einem gewissen Volumen und zeitlichen Anspruch im Team und \u00fcberlegen, ob der Kunde und wir zusammen passen. Wichtig ist auch, dass wir glauben ein Ergebnis pr\u00e4sentieren zu k\u00f6nnen, auf das wir genauso stolz sein k\u00f6nnen, wie der Kunden es hoffentlich auch sein wird. \u00a0 Die Zeiten, in denen wir denken m\u00fcssen, \u201ehoffentlich ist der Auftrag bald fertig und hoffentlich zahlt der Kunde auch\u201c, wollen wir damit beenden. Man ist nie vor sowas gefeit, aber seit dem wir offen dar\u00fcber sprechen, ist uns das nicht mehr passiert. \u00a0 Fazit: Der Bauch hat \u201eleider\u201c meistens recht!\" \/>\n<meta property=\"og:url\" content=\"https:\/\/b2bdesign.de\/en\/der-bauch-hat-leider-meistens-recht\/\" \/>\n<meta property=\"og:site_name\" content=\"b2b design Werbe- und Marketing Agentur\" \/>\n<meta property=\"article:published_time\" content=\"2023-07-27T22:10:00+00:00\" \/>\n<meta property=\"article:modified_time\" content=\"2023-10-24T22:14:15+00:00\" \/>\n<meta property=\"og:image\" content=\"https:\/\/b2bdesign.de\/wp-content\/uploads\/2023\/10\/beitragsbild-ulli.jpg\" \/>\n\t<meta property=\"og:image:width\" content=\"800\" \/>\n\t<meta property=\"og:image:height\" content=\"400\" \/>\n\t<meta property=\"og:image:type\" content=\"image\/jpeg\" \/>\n<meta name=\"author\" content=\"Ulli Hantke\" \/>\n<meta name=\"twitter:card\" content=\"summary_large_image\" \/>\n<meta name=\"twitter:label1\" content=\"Written by\" \/>\n\t<meta name=\"twitter:data1\" content=\"Ulli Hantke\" \/>\n\t<meta name=\"twitter:label2\" content=\"Estimated reading time\" \/>\n\t<meta name=\"twitter:data2\" content=\"3 minutes\" \/>\n<script type=\"application\/ld+json\" class=\"yoast-schema-graph\">{\"@context\":\"https:\\\/\\\/schema.org\",\"@graph\":[{\"@type\":\"Article\",\"@id\":\"https:\\\/\\\/b2bdesign.de\\\/der-bauch-hat-leider-meistens-recht\\\/#article\",\"isPartOf\":{\"@id\":\"https:\\\/\\\/b2bdesign.de\\\/der-bauch-hat-leider-meistens-recht\\\/\"},\"author\":{\"name\":\"Ulli Hantke\",\"@id\":\"https:\\\/\\\/b2bdesign.de\\\/#\\\/schema\\\/person\\\/4e253a19c089ade4d87ba8c17b9dc644\"},\"headline\":\"Der Bauch hat \u201eleider\u201c meistens recht!\",\"datePublished\":\"2023-07-27T22:10:00+00:00\",\"dateModified\":\"2023-10-24T22:14:15+00:00\",\"mainEntityOfPage\":{\"@id\":\"https:\\\/\\\/b2bdesign.de\\\/der-bauch-hat-leider-meistens-recht\\\/\"},\"wordCount\":361,\"publisher\":{\"@id\":\"https:\\\/\\\/b2bdesign.de\\\/#organization\"},\"image\":{\"@id\":\"https:\\\/\\\/b2bdesign.de\\\/der-bauch-hat-leider-meistens-recht\\\/#primaryimage\"},\"thumbnailUrl\":\"https:\\\/\\\/b2bdesign.de\\\/wp-content\\\/uploads\\\/2023\\\/10\\\/beitragsbild-ulli.jpg\",\"articleSection\":[\"Good to know\"],\"inLanguage\":\"en-GB\"},{\"@type\":\"WebPage\",\"@id\":\"https:\\\/\\\/b2bdesign.de\\\/der-bauch-hat-leider-meistens-recht\\\/\",\"url\":\"https:\\\/\\\/b2bdesign.de\\\/der-bauch-hat-leider-meistens-recht\\\/\",\"name\":\"Der Bauch hat \u201eleider\u201c meistens recht! - b2b design Werbe- und Marketing Agentur\",\"isPartOf\":{\"@id\":\"https:\\\/\\\/b2bdesign.de\\\/#website\"},\"primaryImageOfPage\":{\"@id\":\"https:\\\/\\\/b2bdesign.de\\\/der-bauch-hat-leider-meistens-recht\\\/#primaryimage\"},\"image\":{\"@id\":\"https:\\\/\\\/b2bdesign.de\\\/der-bauch-hat-leider-meistens-recht\\\/#primaryimage\"},\"thumbnailUrl\":\"https:\\\/\\\/b2bdesign.de\\\/wp-content\\\/uploads\\\/2023\\\/10\\\/beitragsbild-ulli.jpg\",\"datePublished\":\"2023-07-27T22:10:00+00:00\",\"dateModified\":\"2023-10-24T22:14:15+00:00\",\"breadcrumb\":{\"@id\":\"https:\\\/\\\/b2bdesign.de\\\/der-bauch-hat-leider-meistens-recht\\\/#breadcrumb\"},\"inLanguage\":\"en-GB\",\"potentialAction\":[{\"@type\":\"ReadAction\",\"target\":[\"https:\\\/\\\/b2bdesign.de\\\/der-bauch-hat-leider-meistens-recht\\\/\"]}]},{\"@type\":\"ImageObject\",\"inLanguage\":\"en-GB\",\"@id\":\"https:\\\/\\\/b2bdesign.de\\\/der-bauch-hat-leider-meistens-recht\\\/#primaryimage\",\"url\":\"https:\\\/\\\/b2bdesign.de\\\/wp-content\\\/uploads\\\/2023\\\/10\\\/beitragsbild-ulli.jpg\",\"contentUrl\":\"https:\\\/\\\/b2bdesign.de\\\/wp-content\\\/uploads\\\/2023\\\/10\\\/beitragsbild-ulli.jpg\",\"width\":800,\"height\":400},{\"@type\":\"BreadcrumbList\",\"@id\":\"https:\\\/\\\/b2bdesign.de\\\/der-bauch-hat-leider-meistens-recht\\\/#breadcrumb\",\"itemListElement\":[{\"@type\":\"ListItem\",\"position\":1,\"name\":\"Startseite\",\"item\":\"https:\\\/\\\/b2bdesign.de\\\/\"},{\"@type\":\"ListItem\",\"position\":2,\"name\":\"Der Bauch hat \u201eleider\u201c meistens recht!\"}]},{\"@type\":\"WebSite\",\"@id\":\"https:\\\/\\\/b2bdesign.de\\\/#website\",\"url\":\"https:\\\/\\\/b2bdesign.de\\\/\",\"name\":\"b2b design Werbe- und Marketing Agentur\",\"description\":\"\",\"publisher\":{\"@id\":\"https:\\\/\\\/b2bdesign.de\\\/#organization\"},\"potentialAction\":[{\"@type\":\"SearchAction\",\"target\":{\"@type\":\"EntryPoint\",\"urlTemplate\":\"https:\\\/\\\/b2bdesign.de\\\/?s={search_term_string}\"},\"query-input\":{\"@type\":\"PropertyValueSpecification\",\"valueRequired\":true,\"valueName\":\"search_term_string\"}}],\"inLanguage\":\"en-GB\"},{\"@type\":\"Organization\",\"@id\":\"https:\\\/\\\/b2bdesign.de\\\/#organization\",\"name\":\"b2b design e.K.\",\"url\":\"https:\\\/\\\/b2bdesign.de\\\/\",\"logo\":{\"@type\":\"ImageObject\",\"inLanguage\":\"en-GB\",\"@id\":\"https:\\\/\\\/b2bdesign.de\\\/#\\\/schema\\\/logo\\\/image\\\/\",\"url\":\"https:\\\/\\\/b2bdesign.de\\\/wp-content\\\/uploads\\\/2023\\\/10\\\/b2b-design-logo-webseite-1.svg\",\"contentUrl\":\"https:\\\/\\\/b2bdesign.de\\\/wp-content\\\/uploads\\\/2023\\\/10\\\/b2b-design-logo-webseite-1.svg\",\"width\":100,\"height\":350,\"caption\":\"b2b design e.K.\"},\"image\":{\"@id\":\"https:\\\/\\\/b2bdesign.de\\\/#\\\/schema\\\/logo\\\/image\\\/\"},\"sameAs\":[\"https:\\\/\\\/www.linkedin.com\\\/company\\\/b2b-design\",\"https:\\\/\\\/www.instagram.com\\\/b2bdesign2017\\\/\",\"https:\\\/\\\/www.youtube.com\\\/channel\\\/UCOyMQ8GywgDAvFhodpaJk7Q\"]},{\"@type\":\"Person\",\"@id\":\"https:\\\/\\\/b2bdesign.de\\\/#\\\/schema\\\/person\\\/4e253a19c089ade4d87ba8c17b9dc644\",\"name\":\"Ulli Hantke\",\"image\":{\"@type\":\"ImageObject\",\"inLanguage\":\"en-GB\",\"@id\":\"https:\\\/\\\/secure.gravatar.com\\\/avatar\\\/c7c10e378288efef8cd5251a85dd685ee03c3c37a38567336fef3a44fbdb3cde?s=96&d=mm&r=g\",\"url\":\"https:\\\/\\\/secure.gravatar.com\\\/avatar\\\/c7c10e378288efef8cd5251a85dd685ee03c3c37a38567336fef3a44fbdb3cde?s=96&d=mm&r=g\",\"contentUrl\":\"https:\\\/\\\/secure.gravatar.com\\\/avatar\\\/c7c10e378288efef8cd5251a85dd685ee03c3c37a38567336fef3a44fbdb3cde?s=96&d=mm&r=g\",\"caption\":\"Ulli Hantke\"},\"url\":\"https:\\\/\\\/b2bdesign.de\\\/en\\\/author\\\/ulli\\\/\"}]}<\/script>\n<!-- \/ Yoast SEO plugin. -->","yoast_head_json":{"title":"Der Bauch hat \u201eleider\u201c meistens recht! - b2b design Werbe- und Marketing Agentur","robots":{"index":"index","follow":"follow","max-snippet":"max-snippet:-1","max-image-preview":"max-image-preview:large","max-video-preview":"max-video-preview:-1"},"canonical":"https:\/\/b2bdesign.de\/en\/der-bauch-hat-leider-meistens-recht\/","og_locale":"en_GB","og_type":"article","og_title":"Der Bauch hat \u201eleider\u201c meistens recht! - b2b design Werbe- und Marketing Agentur","og_description":"Leistungen about us Kontakt Projekte b2b &#8211; news for thee Der Bauch hat \u201eleider\u201c meistens recht! Good to know Juli 27, 2023 Manchmal muss man \u201eNein\u201c sagen k\u00f6nnen \u00a0 Kennt ihr das? Ein m\u00f6glicher Kunde nimmt Kontakt mit Euch auf und ist an einer Zusammenarbeit interessiert, doch schon beim ersten Gespr\u00e4ch entwickelt sich so ein komisches Gef\u00fchl in der Magengegend. Aber das Auftragsvolumen und das Projekt klingen lukrativ und interessant. Beim zweiten Gespr\u00e4ch wird das Gef\u00fchl nicht besser, aber man hat im Hinterkopf, das Geld w\u00fcrde nicht schaden und der Auftrag klingt generell auch sehr ansprechend. \u00a0 Was machen: Kopf oder Bauch?\u00a0Bei allen Auftr\u00e4gen, die wir durchgef\u00fchrt haben und schon am Anfang so ein Gef\u00fchlt hatten, hat sich das Projekt bzw. die Zusammenarbeit als Katastrophe herausgestellt. Nicht weil wir dem Auftrag nicht gewachsen waren, sondern weil wir und der Kunde einfach nicht zusammengepasst haben. \u00a0 Als junge Agentur, die noch ihren Platz auf den Markt sucht oder festigen m\u00f6chte, ist jeder Auftrag der Geld in die Kassen sp\u00fclt wichtig und daher ist die Stimme im Kopf oft lauter als die Stimme im Bauch. Man muss ja die Geh\u00e4lter zahlen und der Vermieter will auch sein Geld und die bl\u00f6de Software kostet auch was. All das geht einem als Chef durch den Kopf und dann entscheidet man. \u00a0 Doch auch mit mehr Erfahrung, ist die Stimme im Kopf immer noch sehr laut und die Sorgen sind auch noch da. Was war die L\u00f6sung? Wir besprechen Auftr\u00e4ge ab einem gewissen Volumen und zeitlichen Anspruch im Team und \u00fcberlegen, ob der Kunde und wir zusammen passen. Wichtig ist auch, dass wir glauben ein Ergebnis pr\u00e4sentieren zu k\u00f6nnen, auf das wir genauso stolz sein k\u00f6nnen, wie der Kunden es hoffentlich auch sein wird. \u00a0 Die Zeiten, in denen wir denken m\u00fcssen, \u201ehoffentlich ist der Auftrag bald fertig und hoffentlich zahlt der Kunde auch\u201c, wollen wir damit beenden. Man ist nie vor sowas gefeit, aber seit dem wir offen dar\u00fcber sprechen, ist uns das nicht mehr passiert. \u00a0 Fazit: Der Bauch hat \u201eleider\u201c meistens recht!","og_url":"https:\/\/b2bdesign.de\/en\/der-bauch-hat-leider-meistens-recht\/","og_site_name":"b2b design Werbe- und Marketing Agentur","article_published_time":"2023-07-27T22:10:00+00:00","article_modified_time":"2023-10-24T22:14:15+00:00","og_image":[{"width":800,"height":400,"url":"https:\/\/b2bdesign.de\/wp-content\/uploads\/2023\/10\/beitragsbild-ulli.jpg","type":"image\/jpeg"}],"author":"Ulli Hantke","twitter_card":"summary_large_image","twitter_misc":{"Written by":"Ulli Hantke","Estimated reading time":"3 minutes"},"schema":{"@context":"https:\/\/schema.org","@graph":[{"@type":"Article","@id":"https:\/\/b2bdesign.de\/der-bauch-hat-leider-meistens-recht\/#article","isPartOf":{"@id":"https:\/\/b2bdesign.de\/der-bauch-hat-leider-meistens-recht\/"},"author":{"name":"Ulli Hantke","@id":"https:\/\/b2bdesign.de\/#\/schema\/person\/4e253a19c089ade4d87ba8c17b9dc644"},"headline":"Der Bauch hat \u201eleider\u201c meistens recht!","datePublished":"2023-07-27T22:10:00+00:00","dateModified":"2023-10-24T22:14:15+00:00","mainEntityOfPage":{"@id":"https:\/\/b2bdesign.de\/der-bauch-hat-leider-meistens-recht\/"},"wordCount":361,"publisher":{"@id":"https:\/\/b2bdesign.de\/#organization"},"image":{"@id":"https:\/\/b2bdesign.de\/der-bauch-hat-leider-meistens-recht\/#primaryimage"},"thumbnailUrl":"https:\/\/b2bdesign.de\/wp-content\/uploads\/2023\/10\/beitragsbild-ulli.jpg","articleSection":["Good to know"],"inLanguage":"en-GB"},{"@type":"WebPage","@id":"https:\/\/b2bdesign.de\/der-bauch-hat-leider-meistens-recht\/","url":"https:\/\/b2bdesign.de\/der-bauch-hat-leider-meistens-recht\/","name":"Der Bauch hat \u201eleider\u201c meistens recht! - b2b design Werbe- und Marketing Agentur","isPartOf":{"@id":"https:\/\/b2bdesign.de\/#website"},"primaryImageOfPage":{"@id":"https:\/\/b2bdesign.de\/der-bauch-hat-leider-meistens-recht\/#primaryimage"},"image":{"@id":"https:\/\/b2bdesign.de\/der-bauch-hat-leider-meistens-recht\/#primaryimage"},"thumbnailUrl":"https:\/\/b2bdesign.de\/wp-content\/uploads\/2023\/10\/beitragsbild-ulli.jpg","datePublished":"2023-07-27T22:10:00+00:00","dateModified":"2023-10-24T22:14:15+00:00","breadcrumb":{"@id":"https:\/\/b2bdesign.de\/der-bauch-hat-leider-meistens-recht\/#breadcrumb"},"inLanguage":"en-GB","potentialAction":[{"@type":"ReadAction","target":["https:\/\/b2bdesign.de\/der-bauch-hat-leider-meistens-recht\/"]}]},{"@type":"ImageObject","inLanguage":"en-GB","@id":"https:\/\/b2bdesign.de\/der-bauch-hat-leider-meistens-recht\/#primaryimage","url":"https:\/\/b2bdesign.de\/wp-content\/uploads\/2023\/10\/beitragsbild-ulli.jpg","contentUrl":"https:\/\/b2bdesign.de\/wp-content\/uploads\/2023\/10\/beitragsbild-ulli.jpg","width":800,"height":400},{"@type":"BreadcrumbList","@id":"https:\/\/b2bdesign.de\/der-bauch-hat-leider-meistens-recht\/#breadcrumb","itemListElement":[{"@type":"ListItem","position":1,"name":"Startseite","item":"https:\/\/b2bdesign.de\/"},{"@type":"ListItem","position":2,"name":"Der Bauch hat \u201eleider\u201c meistens recht!"}]},{"@type":"WebSite","@id":"https:\/\/b2bdesign.de\/#website","url":"https:\/\/b2bdesign.de\/","name":"b2b design Werbe- und Marketing Agentur","description":"","publisher":{"@id":"https:\/\/b2bdesign.de\/#organization"},"potentialAction":[{"@type":"SearchAction","target":{"@type":"EntryPoint","urlTemplate":"https:\/\/b2bdesign.de\/?s={search_term_string}"},"query-input":{"@type":"PropertyValueSpecification","valueRequired":true,"valueName":"search_term_string"}}],"inLanguage":"en-GB"},{"@type":"Organization","@id":"https:\/\/b2bdesign.de\/#organization","name":"b2b design e.K.","url":"https:\/\/b2bdesign.de\/","logo":{"@type":"ImageObject","inLanguage":"en-GB","@id":"https:\/\/b2bdesign.de\/#\/schema\/logo\/image\/","url":"https:\/\/b2bdesign.de\/wp-content\/uploads\/2023\/10\/b2b-design-logo-webseite-1.svg","contentUrl":"https:\/\/b2bdesign.de\/wp-content\/uploads\/2023\/10\/b2b-design-logo-webseite-1.svg","width":100,"height":350,"caption":"b2b design e.K."},"image":{"@id":"https:\/\/b2bdesign.de\/#\/schema\/logo\/image\/"},"sameAs":["https:\/\/www.linkedin.com\/company\/b2b-design","https:\/\/www.instagram.com\/b2bdesign2017\/","https:\/\/www.youtube.com\/channel\/UCOyMQ8GywgDAvFhodpaJk7Q"]},{"@type":"Person","@id":"https:\/\/b2bdesign.de\/#\/schema\/person\/4e253a19c089ade4d87ba8c17b9dc644","name":"Ulli Hantke","image":{"@type":"ImageObject","inLanguage":"en-GB","@id":"https:\/\/secure.gravatar.com\/avatar\/c7c10e378288efef8cd5251a85dd685ee03c3c37a38567336fef3a44fbdb3cde?s=96&d=mm&r=g","url":"https:\/\/secure.gravatar.com\/avatar\/c7c10e378288efef8cd5251a85dd685ee03c3c37a38567336fef3a44fbdb3cde?s=96&d=mm&r=g","contentUrl":"https:\/\/secure.gravatar.com\/avatar\/c7c10e378288efef8cd5251a85dd685ee03c3c37a38567336fef3a44fbdb3cde?s=96&d=mm&r=g","caption":"Ulli Hantke"},"url":"https:\/\/b2bdesign.de\/en\/author\/ulli\/"}]}},"_links":{"self":[{"href":"https:\/\/b2bdesign.de\/en\/wp-json\/wp\/v2\/posts\/2606","targetHints":{"allow":["GET"]}}],"collection":[{"href":"https:\/\/b2bdesign.de\/en\/wp-json\/wp\/v2\/posts"}],"about":[{"href":"https:\/\/b2bdesign.de\/en\/wp-json\/wp\/v2\/types\/post"}],"author":[{"embeddable":true,"href":"https:\/\/b2bdesign.de\/en\/wp-json\/wp\/v2\/users\/2"}],"replies":[{"embeddable":true,"href":"https:\/\/b2bdesign.de\/en\/wp-json\/wp\/v2\/comments?post=2606"}],"version-history":[{"count":4,"href":"https:\/\/b2bdesign.de\/en\/wp-json\/wp\/v2\/posts\/2606\/revisions"}],"predecessor-version":[{"id":2612,"href":"https:\/\/b2bdesign.de\/en\/wp-json\/wp\/v2\/posts\/2606\/revisions\/2612"}],"wp:featuredmedia":[{"embeddable":true,"href":"https:\/\/b2bdesign.de\/en\/wp-json\/wp\/v2\/media\/2607"}],"wp:attachment":[{"href":"https:\/\/b2bdesign.de\/en\/wp-json\/wp\/v2\/media?parent=2606"}],"wp:term":[{"taxonomy":"category","embeddable":true,"href":"https:\/\/b2bdesign.de\/en\/wp-json\/wp\/v2\/categories?post=2606"},{"taxonomy":"post_tag","embeddable":true,"href":"https:\/\/b2bdesign.de\/en\/wp-json\/wp\/v2\/tags?post=2606"}],"curies":[{"name":"wp","href":"https:\/\/api.w.org\/{rel}","templated":true}]}}