{"id":2560,"date":"2023-06-15T21:21:14","date_gmt":"2023-06-15T21:21:14","guid":{"rendered":"https:\/\/b2bdesign.de\/?p=2560"},"modified":"2023-10-24T21:28:20","modified_gmt":"2023-10-24T21:28:20","slug":"hilfe-ich-habe-keinen-zugriff-auf-mein-firmenprofil-im-social-media","status":"publish","type":"post","link":"https:\/\/b2bdesign.de\/en\/hilfe-ich-habe-keinen-zugriff-auf-mein-firmenprofil-im-social-media\/","title":{"rendered":"Hilfe, ich habe keinen Zugriff auf mein Firmenprofil im Social Media"},"content":{"rendered":"<div data-elementor-type=\"wp-post\" data-elementor-id=\"2560\" class=\"elementor elementor-2560\" data-elementor-post-type=\"post\">\n\t\t\t\t<div class=\"elementor-element elementor-element-6f3276c2 e-flex e-con-boxed wpr-particle-no wpr-jarallax-no wpr-parallax-no wpr-equal-height-no e-con e-parent\" data-id=\"6f3276c2\" data-element_type=\"container\" data-e-type=\"container\" data-settings=\"{&quot;background_background&quot;:&quot;classic&quot;}\">\n\t\t\t\t\t<div class=\"e-con-inner\">\n\t\t\t\t<div class=\"elementor-element elementor-element-16a857e7 premium-nav-slide premium-hidden-icon-yes premium-disable-scroll-yes elementor-fixed elementor-widget-mobile__width-initial elementor-widget__width-initial elementor-hidden-widescreen elementor-hidden-desktop elementor-hidden-tablet_extra elementor-hidden-tablet elementor-hidden-mobile premium-slide-auto elementor-widget elementor-widget-global elementor-global-2040 elementor-widget-premium-nav-menu\" data-id=\"16a857e7\" data-element_type=\"widget\" data-e-type=\"widget\" data-settings=\"{&quot;_position&quot;:&quot;fixed&quot;,&quot;submenu_icon&quot;:{&quot;value&quot;:&quot;fas fa-angle-down&quot;,&quot;library&quot;:&quot;fa-solid&quot;},&quot;submenu_item_icon&quot;:{&quot;value&quot;:&quot;&quot;,&quot;library&quot;:&quot;&quot;}}\" data-widget_type=\"premium-nav-menu.default\">\n\t\t\t\t<div class=\"elementor-widget-container\">\n\t\t\t\t\t\t\t<div data-settings=\"{&quot;breakpoint&quot;:0,&quot;mobileLayout&quot;:null,&quot;mainLayout&quot;:&quot;slide&quot;,&quot;stretchDropdown&quot;:false,&quot;hoverEffect&quot;:&quot;&quot;,&quot;submenuEvent&quot;:null,&quot;submenuTrigger&quot;:&quot;item&quot;,&quot;closeAfterClick&quot;:true,&quot;renderMobileMenu&quot;:true}\" class=\"premium-nav-widget-container premium-nav-pointer-none\" style=\"visibility:hidden; opacity:0;\">\n\t\t\t<div class=\"premium-ver-inner-container\">\n\t\t\t\t\t\t\t\t\t<div class=\"premium-hamburger-toggle premium-mobile-menu-icon\" role=\"button\" aria-label=\"Toggle Menu\">\n\t\t\t\t\t\t<span class=\"premium-toggle-text\">\n\t\t\t\t\t\t\t<i aria-hidden=\"true\" class=\"fas fa-bars\"><\/i>\t\t\t\t\t\t<\/span>\n\t\t\t\t\t\t<span class=\"premium-toggle-close\">\n\t\t\t\t\t\t\t<i aria-hidden=\"true\" class=\"fas fa-times\"><\/i>\t\t\t\t\t\t<\/span>\n\t\t\t\t\t<\/div>\n\t\t\t\t\t\t\t\t\t\t<div class=\"premium-nav-slide-overlay\"><\/div>\n\t\t\t\t\t<div class=\"premium-mobile-menu-outer-container\">\n\t\t\t\t\t\t<div class=\"premium-mobile-menu-close\" role=\"button\" aria-label=\"Close Menu\">\n\t\t\t\t\t\t\t<i aria-hidden=\"true\" class=\"fas fa-times\"><\/i>\t\t\t\t\t\t\t<span class=\"premium-toggle-close\"><\/span>\n\t\t\t\t\t\t<\/div>\n\t\t\t\t\t\t\t\t\t\t\t\t<div class=\"premium-mobile-menu-container\">\n\t\t\t\t\t\t\t\t\t\t\t\t\t\t\t<ul id=\"menu-hauptmenue-1\" class=\"premium-mobile-menu premium-main-mobile-menu premium-main-nav-menu\"><li id=\"premium-nav-menu-item-80321\" class=\"menu-item menu-item-type-post_type menu-item-object-page premium-nav-menu-item\"><a href=\"https:\/\/b2bdesign.de\/en\/leistungen\/\" class=\"premium-menu-link premium-menu-link-parent premium-lq__none\">Unsere Leistungen<\/a><\/li>\n<li id=\"premium-nav-menu-item-10142\" class=\"menu-item menu-item-type-post_type menu-item-object-page premium-nav-menu-item\"><a href=\"https:\/\/b2bdesign.de\/en\/about-us-alt\/\" class=\"premium-menu-link premium-menu-link-parent premium-lq__none\">Das ist b2b design<\/a><\/li>\n<li id=\"premium-nav-menu-item-18643\" class=\"menu-item menu-item-type-post_type menu-item-object-page premium-nav-menu-item\"><a href=\"https:\/\/b2bdesign.de\/en\/unsere-projekte\/\" class=\"premium-menu-link premium-menu-link-parent premium-lq__none\">Erfolgsgeschichten<\/a><\/li>\n<li id=\"premium-nav-menu-item-14594\" class=\"menu-item menu-item-type-post_type menu-item-object-page premium-nav-menu-item\"><a href=\"https:\/\/b2bdesign.de\/en\/kontakt\/\" class=\"premium-menu-link premium-menu-link-parent premium-lq__none\">\u270b Sag uns Hallo!<\/a><\/li>\n<\/ul>\t\t\t\t\t\t\t\t\t\t\t\t\t\t<\/div>\n\t\t\t\t\t\t<\/div>\t\t\t\t<\/div>\n\t\t\t<\/div>\n\t\t\t\t\t\t\t<\/div>\n\t\t\t\t<\/div>\n\t\t\t\t<div class=\"elementor-element elementor-element-33a4aded elementor-headline--style-highlight elementor-widget elementor-widget-animated-headline\" data-id=\"33a4aded\" data-element_type=\"widget\" data-e-type=\"widget\" data-settings=\"{&quot;marker&quot;:&quot;underline_zigzag&quot;,&quot;highlighted_text&quot;:&quot;news for thee&quot;,&quot;headline_style&quot;:&quot;highlight&quot;,&quot;loop&quot;:&quot;yes&quot;,&quot;highlight_animation_duration&quot;:1200,&quot;highlight_iteration_delay&quot;:8000}\" data-widget_type=\"animated-headline.default\">\n\t\t\t\t<div class=\"elementor-widget-container\">\n\t\t\t\t\t\t\t<h3 class=\"elementor-headline\">\n\t\t\t\t\t<span class=\"elementor-headline-plain-text elementor-headline-text-wrapper\">b2b - <\/span>\n\t\t\t\t<span class=\"elementor-headline-dynamic-wrapper elementor-headline-text-wrapper\">\n\t\t\t\t\t<span class=\"elementor-headline-dynamic-text elementor-headline-text-active\">news for thee<\/span>\n\t\t\t\t<\/span>\n\t\t\t\t<\/h3>\n\t\t\t\t\t\t<\/div>\n\t\t\t\t<\/div>\n\t\t\t\t\t<\/div>\n\t\t\t\t<\/div>\n\t\t<div class=\"elementor-element elementor-element-3f81b16d e-flex e-con-boxed wpr-particle-no wpr-jarallax-no wpr-parallax-no wpr-equal-height-no e-con e-parent\" data-id=\"3f81b16d\" data-element_type=\"container\" data-e-type=\"container\">\n\t\t\t\t\t<div class=\"e-con-inner\">\n\t\t\t\t<div class=\"elementor-element elementor-element-6dd2f8fa elementor-widget elementor-widget-global elementor-global-2367 elementor-widget-breadcrumbs\" data-id=\"6dd2f8fa\" data-element_type=\"widget\" data-e-type=\"widget\" data-widget_type=\"breadcrumbs.default\">\n\t\t\t\t<div class=\"elementor-widget-container\">\n\t\t\t\t\t<p id=\"breadcrumbs\"><span><span><a href=\"https:\/\/b2bdesign.de\/\">Startseite<\/a><\/span><\/span><\/p>\t\t\t\t<\/div>\n\t\t\t\t<\/div>\n\t\t\t\t<div class=\"elementor-element elementor-element-1240c0e9 elementor-widget elementor-widget-spacer\" data-id=\"1240c0e9\" data-element_type=\"widget\" data-e-type=\"widget\" data-widget_type=\"spacer.default\">\n\t\t\t\t<div class=\"elementor-widget-container\">\n\t\t\t\t\t\t\t<div class=\"elementor-spacer\">\n\t\t\t<div class=\"elementor-spacer-inner\"><\/div>\n\t\t<\/div>\n\t\t\t\t\t\t<\/div>\n\t\t\t\t<\/div>\n\t\t\t\t\t<\/div>\n\t\t\t\t<\/div>\n\t\t<div class=\"elementor-element elementor-element-1e630ea2 e-flex e-con-boxed wpr-particle-no wpr-jarallax-no wpr-parallax-no wpr-equal-height-no e-con e-parent\" data-id=\"1e630ea2\" data-element_type=\"container\" data-e-type=\"container\">\n\t\t\t\t\t<div class=\"e-con-inner\">\n\t\t<div class=\"elementor-element elementor-element-3ade488a e-con-full e-flex wpr-particle-no wpr-jarallax-no wpr-parallax-no wpr-equal-height-no e-con e-child\" data-id=\"3ade488a\" data-element_type=\"container\" data-e-type=\"container\">\n\t\t\t\t<div class=\"elementor-element elementor-element-7fe26951 elementor-widget elementor-widget-wpr-post-title\" data-id=\"7fe26951\" data-element_type=\"widget\" data-e-type=\"widget\" data-widget_type=\"wpr-post-title.default\">\n\t\t\t\t<div class=\"elementor-widget-container\">\n\t\t\t\t\t<h1 class=\"wpr-post-title\">Hilfe, ich habe keinen Zugriff auf mein Firmenprofil im Social Media<\/h1>\t\t\t\t<\/div>\n\t\t\t\t<\/div>\n\t\t\t\t<div class=\"elementor-element elementor-element-f2dde70 wpr-post-info-align-left elementor-widget elementor-widget-wpr-post-info\" data-id=\"f2dde70\" data-element_type=\"widget\" data-e-type=\"widget\" data-widget_type=\"wpr-post-info.default\">\n\t\t\t\t<div class=\"elementor-widget-container\">\n\t\t\t\t\t<ul class=\"wpr-post-info wpr-post-info-vertical\"><li class=\"wpr-post-info-taxonomy\"><a href=\"https:\/\/b2bdesign.de\/en\/category\/good-to-know\/\">Good to know<\/a><\/li><li class=\"wpr-post-info-date\"><span>June 15, 2023<\/span><\/li><\/ul>\t\t\t\t<\/div>\n\t\t\t\t<\/div>\n\t\t\t\t<div class=\"elementor-element elementor-element-6cd2498f elementor-widget elementor-widget-text-editor\" data-id=\"6cd2498f\" data-element_type=\"widget\" data-e-type=\"widget\" data-widget_type=\"text-editor.default\">\n\t\t\t\t<div class=\"elementor-widget-container\">\n\t\t\t\t\t\t\t\t\t<div><div>Wer betreut bei euch facebook Instagram und Co.? Im Idealfall ein Mitarbeiter im Marketing. Bei den meisten macht es aber ein \u201enormaler\u201c Mitarbeiter, der halt eben auch das Social Media Zeug betreuen soll. Ist ja auch ganz legitim und normal. Nicht jede Firma hat ein Marketing Team oder beauftragt eine Agentur daf\u00fcr. Kostet ja auch alles Geld.<\/div><\/div>\t\t\t\t\t\t\t\t<\/div>\n\t\t\t\t<\/div>\n\t\t\t\t<\/div>\n\t\t<div class=\"elementor-element elementor-element-28049508 e-con-full e-flex wpr-particle-no wpr-jarallax-no wpr-parallax-no wpr-equal-height-no e-con e-child\" data-id=\"28049508\" data-element_type=\"container\" data-e-type=\"container\">\n\t\t\t\t<div class=\"elementor-element elementor-element-72d1dc46 elementor-widget elementor-widget-image\" data-id=\"72d1dc46\" data-element_type=\"widget\" data-e-type=\"widget\" data-widget_type=\"image.default\">\n\t\t\t\t<div class=\"elementor-widget-container\">\n\t\t\t\t\t\t\t\t\t\t\t\t\t\t\t<img fetchpriority=\"high\" decoding=\"async\" width=\"800\" height=\"400\" src=\"https:\/\/b2bdesign.de\/wp-content\/uploads\/2023\/10\/kein-zugriff.jpg\" class=\"attachment-large size-large wp-image-587\" alt=\"\" srcset=\"https:\/\/b2bdesign.de\/wp-content\/uploads\/2023\/10\/kein-zugriff.jpg 800w, https:\/\/b2bdesign.de\/wp-content\/uploads\/2023\/10\/kein-zugriff-300x150.jpg 300w, https:\/\/b2bdesign.de\/wp-content\/uploads\/2023\/10\/kein-zugriff-768x384.jpg 768w\" sizes=\"(max-width: 800px) 100vw, 800px\" \/>\t\t\t\t\t\t\t\t\t\t\t\t\t\t\t<\/div>\n\t\t\t\t<\/div>\n\t\t\t\t<\/div>\n\t\t\t\t\t<\/div>\n\t\t\t\t<\/div>\n\t\t<div class=\"elementor-element elementor-element-2b23bb75 e-flex e-con-boxed wpr-particle-no wpr-jarallax-no wpr-parallax-no wpr-equal-height-no e-con e-parent\" data-id=\"2b23bb75\" data-element_type=\"container\" data-e-type=\"container\">\n\t\t\t\t\t<div class=\"e-con-inner\">\n\t\t\t\t<div class=\"elementor-element elementor-element-1e4fb307 elementor-widget elementor-widget-spacer\" data-id=\"1e4fb307\" data-element_type=\"widget\" data-e-type=\"widget\" data-widget_type=\"spacer.default\">\n\t\t\t\t<div class=\"elementor-widget-container\">\n\t\t\t\t\t\t\t<div class=\"elementor-spacer\">\n\t\t\t<div class=\"elementor-spacer-inner\"><\/div>\n\t\t<\/div>\n\t\t\t\t\t\t<\/div>\n\t\t\t\t<\/div>\n\t\t\t\t\t<\/div>\n\t\t\t\t<\/div>\n\t\t<div class=\"elementor-element elementor-element-729d29af e-flex e-con-boxed wpr-particle-no wpr-jarallax-no wpr-parallax-no wpr-equal-height-no e-con e-parent\" data-id=\"729d29af\" data-element_type=\"container\" data-e-type=\"container\">\n\t\t\t\t\t<div class=\"e-con-inner\">\n\t\t\t\t<div class=\"elementor-element elementor-element-2abd169 elementor-widget elementor-widget-heading\" data-id=\"2abd169\" data-element_type=\"widget\" data-e-type=\"widget\" data-widget_type=\"heading.default\">\n\t\t\t\t<div class=\"elementor-widget-container\">\n\t\t\t\t\t<h2 class=\"elementor-heading-title elementor-size-default\">Nur, wie macht der Mitarbeiter das?<\/h2>\t\t\t\t<\/div>\n\t\t\t\t<\/div>\n\t\t\t\t<div class=\"elementor-element elementor-element-9e5f0a4 elementor-widget elementor-widget-text-editor\" data-id=\"9e5f0a4\" data-element_type=\"widget\" data-e-type=\"widget\" data-widget_type=\"text-editor.default\">\n\t\t\t\t<div class=\"elementor-widget-container\">\n\t\t\t\t\t\t\t\t\t<div><div>Die meisten machen das mit ihrem privaten Profil. Ist auch auch okay soweit und der schnellste Weg.<\/div><br \/><div>Aber was ist wenn der Mitarbeiter krank ist, oder es gab eine unsch\u00f6ne Trennung? Und jetzt? Alles l\u00e4uft \u00fcber das private Profil eines kranken oder ehemaligen Mitarbeiters. Das kann gro\u00dfe Probleme verursachen.<\/div><\/div><div><div><div>\u00a0<\/div><h5>Unser Protipp:<\/h5><div>Legt ein Fakeprofil (eine Person) f\u00fcr die Firma an, um damit die Firmenseite auf Facebook, Instagram und Co. zu f\u00fcttern. Das Fakeprofil dient nur daf\u00fcr um Inhalte zu platzieren.<\/div><h5>\u00a0<\/h5><h5>Der Vorteil:<\/h5><div>Mit dem Profil ist man unabh\u00e4ngig von einer Person. Die Zugangsdaten werden einfach zentral abgelegt und schon kann jeder, ohne sein privates Profil nutzen zu m\u00fcssen, den Inhalt der Seite erzeugen.<\/div><br \/><div>Das Fakeprofil sollte nat\u00fcrlich keine Kontakte kn\u00fcpfen und auf maximale Datenschutzeinstellungen gestellt sein. Das Profil sollte \u00f6ffentlich nicht auftauchen. Kann man bei facebook z.B. alles einstellen.<\/div><\/div><\/div>\t\t\t\t\t\t\t\t<\/div>\n\t\t\t\t<\/div>\n\t\t\t\t<div class=\"elementor-element elementor-element-0a12250 elementor-widget elementor-widget-spacer\" data-id=\"0a12250\" data-element_type=\"widget\" data-e-type=\"widget\" data-widget_type=\"spacer.default\">\n\t\t\t\t<div class=\"elementor-widget-container\">\n\t\t\t\t\t\t\t<div class=\"elementor-spacer\">\n\t\t\t<div class=\"elementor-spacer-inner\"><\/div>\n\t\t<\/div>\n\t\t\t\t\t\t<\/div>\n\t\t\t\t<\/div>\n\t\t\t\t<div class=\"elementor-element elementor-element-b2f6cbe elementor-share-buttons--view-icon elementor-share-buttons--skin-flat elementor-share-buttons--shape-circle elementor-grid-0 elementor-share-buttons--color-official elementor-widget elementor-widget-share-buttons\" data-id=\"b2f6cbe\" data-element_type=\"widget\" data-e-type=\"widget\" data-widget_type=\"share-buttons.default\">\n\t\t\t\t<div class=\"elementor-widget-container\">\n\t\t\t\t\t\t\t<div class=\"elementor-grid\" role=\"list\">\n\t\t\t\t\t\t\t\t<div class=\"elementor-grid-item\" role=\"listitem\">\n\t\t\t\t\t\t<div class=\"elementor-share-btn elementor-share-btn_linkedin\" role=\"button\" tabindex=\"0\" aria-label=\"Share on linkedin\" data-no-translation-aria-label=\"\">\n\t\t\t\t\t\t\t\t\t\t\t\t\t\t\t<span class=\"elementor-share-btn__icon\">\n\t\t\t\t\t\t\t\t<i class=\"fab fa-linkedin\" aria-hidden=\"true\"><\/i>\t\t\t\t\t\t\t<\/span>\n\t\t\t\t\t\t\t\t\t\t\t\t\t\t\t\t\t\t\t\t<\/div>\n\t\t\t\t\t<\/div>\n\t\t\t\t\t\t\t\t\t<div class=\"elementor-grid-item\" role=\"listitem\">\n\t\t\t\t\t\t<div class=\"elementor-share-btn elementor-share-btn_facebook\" role=\"button\" tabindex=\"0\" aria-label=\"Share on facebook\" data-no-translation-aria-label=\"\">\n\t\t\t\t\t\t\t\t\t\t\t\t\t\t\t<span class=\"elementor-share-btn__icon\">\n\t\t\t\t\t\t\t\t<i class=\"fab fa-facebook\" aria-hidden=\"true\"><\/i>\t\t\t\t\t\t\t<\/span>\n\t\t\t\t\t\t\t\t\t\t\t\t\t\t\t\t\t\t\t\t<\/div>\n\t\t\t\t\t<\/div>\n\t\t\t\t\t\t<\/div>\n\t\t\t\t\t\t<\/div>\n\t\t\t\t<\/div>\n\t\t\t\t\t<\/div>\n\t\t\t\t<\/div>\n\t\t\t\t<\/div>","protected":false},"excerpt":{"rendered":"<p>Leistungen about us Kontakt Projekte b2b &#8211; news for thee Hilfe, ich habe keinen Zugriff auf mein Firmenprofil im Social Media Good to know Oktober 24, 2023 Wer betreut bei euch facebook Instagram und Co.? Im Idealfall ein Mitarbeiter im Marketing. Bei den meisten macht es aber ein \u201enormaler\u201c Mitarbeiter, der halt eben auch das Social Media Zeug betreuen soll. Ist ja auch ganz legitim und normal. Nicht jede Firma hat ein Marketing Team oder beauftragt eine Agentur daf\u00fcr. Kostet ja auch alles Geld. Nur, wie macht der Mitarbeiter das? Die meisten machen das mit ihrem privaten Profil. Ist auch auch okay soweit und der schnellste Weg. Aber was ist wenn der Mitarbeiter krank ist, oder es gab eine unsch\u00f6ne Trennung? Und jetzt? Alles l\u00e4uft \u00fcber das private Profil eines kranken oder ehemaligen Mitarbeiters. Das kann gro\u00dfe Probleme verursachen. Unser Protipp: Legt ein Fakeprofil (eine Person) f\u00fcr die Firma an, um damit die Firmenseite auf Facebook, Instagram und Co. zu f\u00fcttern. Das Fakeprofil dient nur daf\u00fcr um Inhalte zu platzieren. Der Vorteil: Mit dem Profil ist man unabh\u00e4ngig von einer Person. Die Zugangsdaten werden einfach zentral abgelegt und schon kann jeder, ohne sein privates Profil nutzen zu m\u00fcssen, den Inhalt der Seite erzeugen. Das Fakeprofil sollte nat\u00fcrlich keine Kontakte kn\u00fcpfen und auf maximale Datenschutzeinstellungen gestellt sein. Das Profil sollte \u00f6ffentlich nicht auftauchen. Kann man bei facebook z.B. alles einstellen.<\/p>","protected":false},"author":2,"featured_media":587,"comment_status":"closed","ping_status":"open","sticky":false,"template":"","format":"standard","meta":{"content-type":"","footnotes":""},"categories":[5],"tags":[],"class_list":["post-2560","post","type-post","status-publish","format-standard","has-post-thumbnail","hentry","category-good-to-know"],"yoast_head":"<!-- This site is optimized with the Yoast SEO plugin v27.4 - https:\/\/yoast.com\/product\/yoast-seo-wordpress\/ -->\n<title>Hilfe, ich habe keinen Zugriff auf mein Firmenprofil im Social Media - b2b design Werbe- und Marketing Agentur<\/title>\n<meta name=\"robots\" content=\"index, follow, max-snippet:-1, max-image-preview:large, max-video-preview:-1\" \/>\n<link rel=\"canonical\" href=\"https:\/\/b2bdesign.de\/en\/hilfe-ich-habe-keinen-zugriff-auf-mein-firmenprofil-im-social-media\/\" \/>\n<meta property=\"og:locale\" content=\"en_GB\" \/>\n<meta property=\"og:type\" content=\"article\" \/>\n<meta property=\"og:title\" content=\"Hilfe, ich habe keinen Zugriff auf mein Firmenprofil im Social Media - b2b design Werbe- und Marketing Agentur\" \/>\n<meta property=\"og:description\" content=\"Leistungen about us Kontakt Projekte b2b &#8211; news for thee Hilfe, ich habe keinen Zugriff auf mein Firmenprofil im Social Media Good to know Oktober 24, 2023 Wer betreut bei euch facebook Instagram und Co.? Im Idealfall ein Mitarbeiter im Marketing. Bei den meisten macht es aber ein \u201enormaler\u201c Mitarbeiter, der halt eben auch das Social Media Zeug betreuen soll. Ist ja auch ganz legitim und normal. Nicht jede Firma hat ein Marketing Team oder beauftragt eine Agentur daf\u00fcr. Kostet ja auch alles Geld. Nur, wie macht der Mitarbeiter das? Die meisten machen das mit ihrem privaten Profil. Ist auch auch okay soweit und der schnellste Weg. Aber was ist wenn der Mitarbeiter krank ist, oder es gab eine unsch\u00f6ne Trennung? Und jetzt? Alles l\u00e4uft \u00fcber das private Profil eines kranken oder ehemaligen Mitarbeiters. Das kann gro\u00dfe Probleme verursachen. Unser Protipp: Legt ein Fakeprofil (eine Person) f\u00fcr die Firma an, um damit die Firmenseite auf Facebook, Instagram und Co. zu f\u00fcttern. Das Fakeprofil dient nur daf\u00fcr um Inhalte zu platzieren. Der Vorteil: Mit dem Profil ist man unabh\u00e4ngig von einer Person. Die Zugangsdaten werden einfach zentral abgelegt und schon kann jeder, ohne sein privates Profil nutzen zu m\u00fcssen, den Inhalt der Seite erzeugen. Das Fakeprofil sollte nat\u00fcrlich keine Kontakte kn\u00fcpfen und auf maximale Datenschutzeinstellungen gestellt sein. Das Profil sollte \u00f6ffentlich nicht auftauchen. Kann man bei facebook z.B. alles einstellen.\" \/>\n<meta property=\"og:url\" content=\"https:\/\/b2bdesign.de\/en\/hilfe-ich-habe-keinen-zugriff-auf-mein-firmenprofil-im-social-media\/\" \/>\n<meta property=\"og:site_name\" content=\"b2b design Werbe- und Marketing Agentur\" \/>\n<meta property=\"article:published_time\" content=\"2023-06-15T21:21:14+00:00\" \/>\n<meta property=\"article:modified_time\" content=\"2023-10-24T21:28:20+00:00\" \/>\n<meta property=\"og:image\" content=\"https:\/\/b2bdesign.de\/wp-content\/uploads\/2023\/10\/kein-zugriff.jpg\" \/>\n\t<meta property=\"og:image:width\" content=\"800\" \/>\n\t<meta property=\"og:image:height\" content=\"400\" \/>\n\t<meta property=\"og:image:type\" content=\"image\/jpeg\" \/>\n<meta name=\"author\" content=\"Ulli Hantke\" \/>\n<meta name=\"twitter:card\" content=\"summary_large_image\" \/>\n<meta name=\"twitter:label1\" content=\"Written by\" \/>\n\t<meta name=\"twitter:data1\" content=\"Ulli Hantke\" \/>\n\t<meta name=\"twitter:label2\" content=\"Estimated reading time\" \/>\n\t<meta name=\"twitter:data2\" content=\"2 minutes\" \/>\n<script type=\"application\/ld+json\" class=\"yoast-schema-graph\">{\"@context\":\"https:\\\/\\\/schema.org\",\"@graph\":[{\"@type\":\"Article\",\"@id\":\"https:\\\/\\\/b2bdesign.de\\\/hilfe-ich-habe-keinen-zugriff-auf-mein-firmenprofil-im-social-media\\\/#article\",\"isPartOf\":{\"@id\":\"https:\\\/\\\/b2bdesign.de\\\/hilfe-ich-habe-keinen-zugriff-auf-mein-firmenprofil-im-social-media\\\/\"},\"author\":{\"name\":\"Ulli Hantke\",\"@id\":\"https:\\\/\\\/b2bdesign.de\\\/#\\\/schema\\\/person\\\/4e253a19c089ade4d87ba8c17b9dc644\"},\"headline\":\"Hilfe, ich habe keinen Zugriff auf mein Firmenprofil im Social Media\",\"datePublished\":\"2023-06-15T21:21:14+00:00\",\"dateModified\":\"2023-10-24T21:28:20+00:00\",\"mainEntityOfPage\":{\"@id\":\"https:\\\/\\\/b2bdesign.de\\\/hilfe-ich-habe-keinen-zugriff-auf-mein-firmenprofil-im-social-media\\\/\"},\"wordCount\":251,\"publisher\":{\"@id\":\"https:\\\/\\\/b2bdesign.de\\\/#organization\"},\"image\":{\"@id\":\"https:\\\/\\\/b2bdesign.de\\\/hilfe-ich-habe-keinen-zugriff-auf-mein-firmenprofil-im-social-media\\\/#primaryimage\"},\"thumbnailUrl\":\"https:\\\/\\\/b2bdesign.de\\\/wp-content\\\/uploads\\\/2023\\\/10\\\/kein-zugriff.jpg\",\"articleSection\":[\"Good to know\"],\"inLanguage\":\"en-GB\"},{\"@type\":\"WebPage\",\"@id\":\"https:\\\/\\\/b2bdesign.de\\\/hilfe-ich-habe-keinen-zugriff-auf-mein-firmenprofil-im-social-media\\\/\",\"url\":\"https:\\\/\\\/b2bdesign.de\\\/hilfe-ich-habe-keinen-zugriff-auf-mein-firmenprofil-im-social-media\\\/\",\"name\":\"Hilfe, ich habe keinen Zugriff auf mein Firmenprofil im Social Media - b2b design Werbe- und Marketing Agentur\",\"isPartOf\":{\"@id\":\"https:\\\/\\\/b2bdesign.de\\\/#website\"},\"primaryImageOfPage\":{\"@id\":\"https:\\\/\\\/b2bdesign.de\\\/hilfe-ich-habe-keinen-zugriff-auf-mein-firmenprofil-im-social-media\\\/#primaryimage\"},\"image\":{\"@id\":\"https:\\\/\\\/b2bdesign.de\\\/hilfe-ich-habe-keinen-zugriff-auf-mein-firmenprofil-im-social-media\\\/#primaryimage\"},\"thumbnailUrl\":\"https:\\\/\\\/b2bdesign.de\\\/wp-content\\\/uploads\\\/2023\\\/10\\\/kein-zugriff.jpg\",\"datePublished\":\"2023-06-15T21:21:14+00:00\",\"dateModified\":\"2023-10-24T21:28:20+00:00\",\"breadcrumb\":{\"@id\":\"https:\\\/\\\/b2bdesign.de\\\/hilfe-ich-habe-keinen-zugriff-auf-mein-firmenprofil-im-social-media\\\/#breadcrumb\"},\"inLanguage\":\"en-GB\",\"potentialAction\":[{\"@type\":\"ReadAction\",\"target\":[\"https:\\\/\\\/b2bdesign.de\\\/hilfe-ich-habe-keinen-zugriff-auf-mein-firmenprofil-im-social-media\\\/\"]}]},{\"@type\":\"ImageObject\",\"inLanguage\":\"en-GB\",\"@id\":\"https:\\\/\\\/b2bdesign.de\\\/hilfe-ich-habe-keinen-zugriff-auf-mein-firmenprofil-im-social-media\\\/#primaryimage\",\"url\":\"https:\\\/\\\/b2bdesign.de\\\/wp-content\\\/uploads\\\/2023\\\/10\\\/kein-zugriff.jpg\",\"contentUrl\":\"https:\\\/\\\/b2bdesign.de\\\/wp-content\\\/uploads\\\/2023\\\/10\\\/kein-zugriff.jpg\",\"width\":800,\"height\":400},{\"@type\":\"BreadcrumbList\",\"@id\":\"https:\\\/\\\/b2bdesign.de\\\/hilfe-ich-habe-keinen-zugriff-auf-mein-firmenprofil-im-social-media\\\/#breadcrumb\",\"itemListElement\":[{\"@type\":\"ListItem\",\"position\":1,\"name\":\"Startseite\",\"item\":\"https:\\\/\\\/b2bdesign.de\\\/\"},{\"@type\":\"ListItem\",\"position\":2,\"name\":\"Hilfe, ich habe keinen Zugriff auf mein Firmenprofil im Social Media\"}]},{\"@type\":\"WebSite\",\"@id\":\"https:\\\/\\\/b2bdesign.de\\\/#website\",\"url\":\"https:\\\/\\\/b2bdesign.de\\\/\",\"name\":\"b2b design Werbe- und Marketing Agentur\",\"description\":\"\",\"publisher\":{\"@id\":\"https:\\\/\\\/b2bdesign.de\\\/#organization\"},\"potentialAction\":[{\"@type\":\"SearchAction\",\"target\":{\"@type\":\"EntryPoint\",\"urlTemplate\":\"https:\\\/\\\/b2bdesign.de\\\/?s={search_term_string}\"},\"query-input\":{\"@type\":\"PropertyValueSpecification\",\"valueRequired\":true,\"valueName\":\"search_term_string\"}}],\"inLanguage\":\"en-GB\"},{\"@type\":\"Organization\",\"@id\":\"https:\\\/\\\/b2bdesign.de\\\/#organization\",\"name\":\"b2b design e.K.\",\"url\":\"https:\\\/\\\/b2bdesign.de\\\/\",\"logo\":{\"@type\":\"ImageObject\",\"inLanguage\":\"en-GB\",\"@id\":\"https:\\\/\\\/b2bdesign.de\\\/#\\\/schema\\\/logo\\\/image\\\/\",\"url\":\"https:\\\/\\\/b2bdesign.de\\\/wp-content\\\/uploads\\\/2023\\\/10\\\/b2b-design-logo-webseite-1.svg\",\"contentUrl\":\"https:\\\/\\\/b2bdesign.de\\\/wp-content\\\/uploads\\\/2023\\\/10\\\/b2b-design-logo-webseite-1.svg\",\"width\":100,\"height\":350,\"caption\":\"b2b design e.K.\"},\"image\":{\"@id\":\"https:\\\/\\\/b2bdesign.de\\\/#\\\/schema\\\/logo\\\/image\\\/\"},\"sameAs\":[\"https:\\\/\\\/www.linkedin.com\\\/company\\\/b2b-design\",\"https:\\\/\\\/www.instagram.com\\\/b2bdesign2017\\\/\",\"https:\\\/\\\/www.youtube.com\\\/channel\\\/UCOyMQ8GywgDAvFhodpaJk7Q\"]},{\"@type\":\"Person\",\"@id\":\"https:\\\/\\\/b2bdesign.de\\\/#\\\/schema\\\/person\\\/4e253a19c089ade4d87ba8c17b9dc644\",\"name\":\"Ulli Hantke\",\"image\":{\"@type\":\"ImageObject\",\"inLanguage\":\"en-GB\",\"@id\":\"https:\\\/\\\/secure.gravatar.com\\\/avatar\\\/c7c10e378288efef8cd5251a85dd685ee03c3c37a38567336fef3a44fbdb3cde?s=96&d=mm&r=g\",\"url\":\"https:\\\/\\\/secure.gravatar.com\\\/avatar\\\/c7c10e378288efef8cd5251a85dd685ee03c3c37a38567336fef3a44fbdb3cde?s=96&d=mm&r=g\",\"contentUrl\":\"https:\\\/\\\/secure.gravatar.com\\\/avatar\\\/c7c10e378288efef8cd5251a85dd685ee03c3c37a38567336fef3a44fbdb3cde?s=96&d=mm&r=g\",\"caption\":\"Ulli Hantke\"},\"url\":\"https:\\\/\\\/b2bdesign.de\\\/en\\\/author\\\/ulli\\\/\"}]}<\/script>\n<!-- \/ Yoast SEO plugin. -->","yoast_head_json":{"title":"Hilfe, ich habe keinen Zugriff auf mein Firmenprofil im Social Media - b2b design Werbe- und Marketing Agentur","robots":{"index":"index","follow":"follow","max-snippet":"max-snippet:-1","max-image-preview":"max-image-preview:large","max-video-preview":"max-video-preview:-1"},"canonical":"https:\/\/b2bdesign.de\/en\/hilfe-ich-habe-keinen-zugriff-auf-mein-firmenprofil-im-social-media\/","og_locale":"en_GB","og_type":"article","og_title":"Hilfe, ich habe keinen Zugriff auf mein Firmenprofil im Social Media - b2b design Werbe- und Marketing Agentur","og_description":"Leistungen about us Kontakt Projekte b2b &#8211; news for thee Hilfe, ich habe keinen Zugriff auf mein Firmenprofil im Social Media Good to know Oktober 24, 2023 Wer betreut bei euch facebook Instagram und Co.? Im Idealfall ein Mitarbeiter im Marketing. Bei den meisten macht es aber ein \u201enormaler\u201c Mitarbeiter, der halt eben auch das Social Media Zeug betreuen soll. Ist ja auch ganz legitim und normal. Nicht jede Firma hat ein Marketing Team oder beauftragt eine Agentur daf\u00fcr. Kostet ja auch alles Geld. Nur, wie macht der Mitarbeiter das? Die meisten machen das mit ihrem privaten Profil. Ist auch auch okay soweit und der schnellste Weg. Aber was ist wenn der Mitarbeiter krank ist, oder es gab eine unsch\u00f6ne Trennung? Und jetzt? Alles l\u00e4uft \u00fcber das private Profil eines kranken oder ehemaligen Mitarbeiters. Das kann gro\u00dfe Probleme verursachen. Unser Protipp: Legt ein Fakeprofil (eine Person) f\u00fcr die Firma an, um damit die Firmenseite auf Facebook, Instagram und Co. zu f\u00fcttern. Das Fakeprofil dient nur daf\u00fcr um Inhalte zu platzieren. Der Vorteil: Mit dem Profil ist man unabh\u00e4ngig von einer Person. Die Zugangsdaten werden einfach zentral abgelegt und schon kann jeder, ohne sein privates Profil nutzen zu m\u00fcssen, den Inhalt der Seite erzeugen. Das Fakeprofil sollte nat\u00fcrlich keine Kontakte kn\u00fcpfen und auf maximale Datenschutzeinstellungen gestellt sein. Das Profil sollte \u00f6ffentlich nicht auftauchen. Kann man bei facebook z.B. alles einstellen.","og_url":"https:\/\/b2bdesign.de\/en\/hilfe-ich-habe-keinen-zugriff-auf-mein-firmenprofil-im-social-media\/","og_site_name":"b2b design Werbe- und Marketing Agentur","article_published_time":"2023-06-15T21:21:14+00:00","article_modified_time":"2023-10-24T21:28:20+00:00","og_image":[{"width":800,"height":400,"url":"https:\/\/b2bdesign.de\/wp-content\/uploads\/2023\/10\/kein-zugriff.jpg","type":"image\/jpeg"}],"author":"Ulli Hantke","twitter_card":"summary_large_image","twitter_misc":{"Written by":"Ulli Hantke","Estimated reading time":"2 minutes"},"schema":{"@context":"https:\/\/schema.org","@graph":[{"@type":"Article","@id":"https:\/\/b2bdesign.de\/hilfe-ich-habe-keinen-zugriff-auf-mein-firmenprofil-im-social-media\/#article","isPartOf":{"@id":"https:\/\/b2bdesign.de\/hilfe-ich-habe-keinen-zugriff-auf-mein-firmenprofil-im-social-media\/"},"author":{"name":"Ulli Hantke","@id":"https:\/\/b2bdesign.de\/#\/schema\/person\/4e253a19c089ade4d87ba8c17b9dc644"},"headline":"Hilfe, ich habe keinen Zugriff auf mein Firmenprofil im Social Media","datePublished":"2023-06-15T21:21:14+00:00","dateModified":"2023-10-24T21:28:20+00:00","mainEntityOfPage":{"@id":"https:\/\/b2bdesign.de\/hilfe-ich-habe-keinen-zugriff-auf-mein-firmenprofil-im-social-media\/"},"wordCount":251,"publisher":{"@id":"https:\/\/b2bdesign.de\/#organization"},"image":{"@id":"https:\/\/b2bdesign.de\/hilfe-ich-habe-keinen-zugriff-auf-mein-firmenprofil-im-social-media\/#primaryimage"},"thumbnailUrl":"https:\/\/b2bdesign.de\/wp-content\/uploads\/2023\/10\/kein-zugriff.jpg","articleSection":["Good to know"],"inLanguage":"en-GB"},{"@type":"WebPage","@id":"https:\/\/b2bdesign.de\/hilfe-ich-habe-keinen-zugriff-auf-mein-firmenprofil-im-social-media\/","url":"https:\/\/b2bdesign.de\/hilfe-ich-habe-keinen-zugriff-auf-mein-firmenprofil-im-social-media\/","name":"Hilfe, ich habe keinen Zugriff auf mein Firmenprofil im Social Media - b2b design Werbe- und Marketing Agentur","isPartOf":{"@id":"https:\/\/b2bdesign.de\/#website"},"primaryImageOfPage":{"@id":"https:\/\/b2bdesign.de\/hilfe-ich-habe-keinen-zugriff-auf-mein-firmenprofil-im-social-media\/#primaryimage"},"image":{"@id":"https:\/\/b2bdesign.de\/hilfe-ich-habe-keinen-zugriff-auf-mein-firmenprofil-im-social-media\/#primaryimage"},"thumbnailUrl":"https:\/\/b2bdesign.de\/wp-content\/uploads\/2023\/10\/kein-zugriff.jpg","datePublished":"2023-06-15T21:21:14+00:00","dateModified":"2023-10-24T21:28:20+00:00","breadcrumb":{"@id":"https:\/\/b2bdesign.de\/hilfe-ich-habe-keinen-zugriff-auf-mein-firmenprofil-im-social-media\/#breadcrumb"},"inLanguage":"en-GB","potentialAction":[{"@type":"ReadAction","target":["https:\/\/b2bdesign.de\/hilfe-ich-habe-keinen-zugriff-auf-mein-firmenprofil-im-social-media\/"]}]},{"@type":"ImageObject","inLanguage":"en-GB","@id":"https:\/\/b2bdesign.de\/hilfe-ich-habe-keinen-zugriff-auf-mein-firmenprofil-im-social-media\/#primaryimage","url":"https:\/\/b2bdesign.de\/wp-content\/uploads\/2023\/10\/kein-zugriff.jpg","contentUrl":"https:\/\/b2bdesign.de\/wp-content\/uploads\/2023\/10\/kein-zugriff.jpg","width":800,"height":400},{"@type":"BreadcrumbList","@id":"https:\/\/b2bdesign.de\/hilfe-ich-habe-keinen-zugriff-auf-mein-firmenprofil-im-social-media\/#breadcrumb","itemListElement":[{"@type":"ListItem","position":1,"name":"Startseite","item":"https:\/\/b2bdesign.de\/"},{"@type":"ListItem","position":2,"name":"Hilfe, ich habe keinen Zugriff auf mein Firmenprofil im Social Media"}]},{"@type":"WebSite","@id":"https:\/\/b2bdesign.de\/#website","url":"https:\/\/b2bdesign.de\/","name":"b2b design Werbe- und Marketing Agentur","description":"","publisher":{"@id":"https:\/\/b2bdesign.de\/#organization"},"potentialAction":[{"@type":"SearchAction","target":{"@type":"EntryPoint","urlTemplate":"https:\/\/b2bdesign.de\/?s={search_term_string}"},"query-input":{"@type":"PropertyValueSpecification","valueRequired":true,"valueName":"search_term_string"}}],"inLanguage":"en-GB"},{"@type":"Organization","@id":"https:\/\/b2bdesign.de\/#organization","name":"b2b design e.K.","url":"https:\/\/b2bdesign.de\/","logo":{"@type":"ImageObject","inLanguage":"en-GB","@id":"https:\/\/b2bdesign.de\/#\/schema\/logo\/image\/","url":"https:\/\/b2bdesign.de\/wp-content\/uploads\/2023\/10\/b2b-design-logo-webseite-1.svg","contentUrl":"https:\/\/b2bdesign.de\/wp-content\/uploads\/2023\/10\/b2b-design-logo-webseite-1.svg","width":100,"height":350,"caption":"b2b design e.K."},"image":{"@id":"https:\/\/b2bdesign.de\/#\/schema\/logo\/image\/"},"sameAs":["https:\/\/www.linkedin.com\/company\/b2b-design","https:\/\/www.instagram.com\/b2bdesign2017\/","https:\/\/www.youtube.com\/channel\/UCOyMQ8GywgDAvFhodpaJk7Q"]},{"@type":"Person","@id":"https:\/\/b2bdesign.de\/#\/schema\/person\/4e253a19c089ade4d87ba8c17b9dc644","name":"Ulli Hantke","image":{"@type":"ImageObject","inLanguage":"en-GB","@id":"https:\/\/secure.gravatar.com\/avatar\/c7c10e378288efef8cd5251a85dd685ee03c3c37a38567336fef3a44fbdb3cde?s=96&d=mm&r=g","url":"https:\/\/secure.gravatar.com\/avatar\/c7c10e378288efef8cd5251a85dd685ee03c3c37a38567336fef3a44fbdb3cde?s=96&d=mm&r=g","contentUrl":"https:\/\/secure.gravatar.com\/avatar\/c7c10e378288efef8cd5251a85dd685ee03c3c37a38567336fef3a44fbdb3cde?s=96&d=mm&r=g","caption":"Ulli Hantke"},"url":"https:\/\/b2bdesign.de\/en\/author\/ulli\/"}]}},"_links":{"self":[{"href":"https:\/\/b2bdesign.de\/en\/wp-json\/wp\/v2\/posts\/2560","targetHints":{"allow":["GET"]}}],"collection":[{"href":"https:\/\/b2bdesign.de\/en\/wp-json\/wp\/v2\/posts"}],"about":[{"href":"https:\/\/b2bdesign.de\/en\/wp-json\/wp\/v2\/types\/post"}],"author":[{"embeddable":true,"href":"https:\/\/b2bdesign.de\/en\/wp-json\/wp\/v2\/users\/2"}],"replies":[{"embeddable":true,"href":"https:\/\/b2bdesign.de\/en\/wp-json\/wp\/v2\/comments?post=2560"}],"version-history":[{"count":8,"href":"https:\/\/b2bdesign.de\/en\/wp-json\/wp\/v2\/posts\/2560\/revisions"}],"predecessor-version":[{"id":2569,"href":"https:\/\/b2bdesign.de\/en\/wp-json\/wp\/v2\/posts\/2560\/revisions\/2569"}],"wp:featuredmedia":[{"embeddable":true,"href":"https:\/\/b2bdesign.de\/en\/wp-json\/wp\/v2\/media\/587"}],"wp:attachment":[{"href":"https:\/\/b2bdesign.de\/en\/wp-json\/wp\/v2\/media?parent=2560"}],"wp:term":[{"taxonomy":"category","embeddable":true,"href":"https:\/\/b2bdesign.de\/en\/wp-json\/wp\/v2\/categories?post=2560"},{"taxonomy":"post_tag","embeddable":true,"href":"https:\/\/b2bdesign.de\/en\/wp-json\/wp\/v2\/tags?post=2560"}],"curies":[{"name":"wp","href":"https:\/\/api.w.org\/{rel}","templated":true}]}}