{"id":17190,"date":"2026-04-14T11:04:37","date_gmt":"2026-04-14T11:04:37","guid":{"rendered":"https:\/\/b2bdesign.de\/?p=17190"},"modified":"2026-04-22T11:58:21","modified_gmt":"2026-04-22T09:58:21","slug":"rewe-vs-edeka","status":"publish","type":"post","link":"https:\/\/b2bdesign.de\/en\/rewe-vs-edeka\/","title":{"rendered":"REWE vs. EDEKA"},"content":{"rendered":"\t\t<div data-elementor-type=\"wp-post\" data-elementor-id=\"17190\" class=\"elementor elementor-17190\" data-elementor-post-type=\"post\">\n\t\t\t\t<div class=\"elementor-element elementor-element-5bb513a8 e-flex e-con-boxed wpr-particle-no wpr-jarallax-no wpr-parallax-no wpr-equal-height-no e-con e-parent\" data-id=\"5bb513a8\" data-element_type=\"container\" data-e-type=\"container\" data-settings=\"{&quot;background_background&quot;:&quot;classic&quot;}\">\n\t\t\t\t\t<div class=\"e-con-inner\">\n\t\t\t\t<div class=\"elementor-element elementor-element-47446478 premium-nav-slide premium-hidden-icon-yes premium-disable-scroll-yes elementor-fixed elementor-widget-mobile__width-initial elementor-widget__width-initial elementor-hidden-widescreen elementor-hidden-desktop elementor-hidden-tablet_extra elementor-hidden-tablet elementor-hidden-mobile premium-slide-auto elementor-widget elementor-widget-global elementor-global-2040 elementor-widget-premium-nav-menu\" data-id=\"47446478\" data-element_type=\"widget\" data-e-type=\"widget\" data-settings=\"{&quot;_position&quot;:&quot;fixed&quot;,&quot;submenu_icon&quot;:{&quot;value&quot;:&quot;fas fa-angle-down&quot;,&quot;library&quot;:&quot;fa-solid&quot;},&quot;submenu_item_icon&quot;:{&quot;value&quot;:&quot;&quot;,&quot;library&quot;:&quot;&quot;}}\" data-widget_type=\"premium-nav-menu.default\">\n\t\t\t\t<div class=\"elementor-widget-container\">\n\t\t\t\t\t\t\t<div data-settings=\"{&quot;breakpoint&quot;:0,&quot;mobileLayout&quot;:null,&quot;mainLayout&quot;:&quot;slide&quot;,&quot;stretchDropdown&quot;:false,&quot;hoverEffect&quot;:&quot;&quot;,&quot;submenuEvent&quot;:null,&quot;submenuTrigger&quot;:&quot;item&quot;,&quot;closeAfterClick&quot;:true,&quot;renderMobileMenu&quot;:true}\" class=\"premium-nav-widget-container premium-nav-pointer-none\" style=\"visibility:hidden; opacity:0;\">\n\t\t\t<div class=\"premium-ver-inner-container\">\n\t\t\t\t\t\t\t\t\t<div class=\"premium-hamburger-toggle premium-mobile-menu-icon\" role=\"button\" aria-label=\"Toggle Menu\">\n\t\t\t\t\t\t<span class=\"premium-toggle-text\">\n\t\t\t\t\t\t\t<i aria-hidden=\"true\" class=\"fas fa-bars\"><\/i>\t\t\t\t\t\t<\/span>\n\t\t\t\t\t\t<span class=\"premium-toggle-close\">\n\t\t\t\t\t\t\t<i aria-hidden=\"true\" class=\"fas fa-times\"><\/i>\t\t\t\t\t\t<\/span>\n\t\t\t\t\t<\/div>\n\t\t\t\t\t\t\t\t\t\t<div class=\"premium-nav-slide-overlay\"><\/div>\n\t\t\t\t\t<div class=\"premium-mobile-menu-outer-container\">\n\t\t\t\t\t\t<div class=\"premium-mobile-menu-close\" role=\"button\" aria-label=\"Close Menu\">\n\t\t\t\t\t\t\t<i aria-hidden=\"true\" class=\"fas fa-times\"><\/i>\t\t\t\t\t\t\t<span class=\"premium-toggle-close\"><\/span>\n\t\t\t\t\t\t<\/div>\n\t\t\t\t\t\t\t\t\t\t\t\t<div class=\"premium-mobile-menu-container\">\n\t\t\t\t\t\t\t\t\t\t\t\t\t\t\t<ul id=\"menu-hauptmenue-1\" class=\"premium-mobile-menu premium-main-mobile-menu premium-main-nav-menu\"><li id=\"premium-nav-menu-item-80321\" class=\"menu-item menu-item-type-post_type menu-item-object-page premium-nav-menu-item\"><a href=\"https:\/\/b2bdesign.de\/en\/leistungen\/\" class=\"premium-menu-link premium-menu-link-parent premium-lq__none\">Unsere Leistungen<\/a><\/li>\n<li id=\"premium-nav-menu-item-10142\" class=\"menu-item menu-item-type-post_type menu-item-object-page premium-nav-menu-item\"><a href=\"https:\/\/b2bdesign.de\/en\/about-us-alt\/\" class=\"premium-menu-link premium-menu-link-parent premium-lq__none\">Das ist b2b design<\/a><\/li>\n<li id=\"premium-nav-menu-item-18643\" class=\"menu-item menu-item-type-post_type menu-item-object-page premium-nav-menu-item\"><a href=\"https:\/\/b2bdesign.de\/en\/unsere-projekte\/\" class=\"premium-menu-link premium-menu-link-parent premium-lq__none\">Erfolgsgeschichten<\/a><\/li>\n<li id=\"premium-nav-menu-item-14594\" class=\"menu-item menu-item-type-post_type menu-item-object-page premium-nav-menu-item\"><a href=\"https:\/\/b2bdesign.de\/en\/kontakt\/\" class=\"premium-menu-link premium-menu-link-parent premium-lq__none\">\u270b Sag uns Hallo!<\/a><\/li>\n<\/ul>\t\t\t\t\t\t\t\t\t\t\t\t\t\t<\/div>\n\t\t\t\t\t\t<\/div>\t\t\t\t<\/div>\n\t\t\t<\/div>\n\t\t\t\t\t\t\t<\/div>\n\t\t\t\t<\/div>\n\t\t\t\t<div class=\"elementor-element elementor-element-227f7092 elementor-headline--style-highlight elementor-widget elementor-widget-animated-headline\" data-id=\"227f7092\" data-element_type=\"widget\" data-e-type=\"widget\" data-settings=\"{&quot;marker&quot;:&quot;underline_zigzag&quot;,&quot;highlighted_text&quot;:&quot;news for thee&quot;,&quot;headline_style&quot;:&quot;highlight&quot;,&quot;loop&quot;:&quot;yes&quot;,&quot;highlight_animation_duration&quot;:1200,&quot;highlight_iteration_delay&quot;:8000}\" data-widget_type=\"animated-headline.default\">\n\t\t\t\t<div class=\"elementor-widget-container\">\n\t\t\t\t\t\t\t<h3 class=\"elementor-headline\">\n\t\t\t\t\t<span class=\"elementor-headline-plain-text elementor-headline-text-wrapper\">b2b - <\/span>\n\t\t\t\t<span class=\"elementor-headline-dynamic-wrapper elementor-headline-text-wrapper\">\n\t\t\t\t\t<span class=\"elementor-headline-dynamic-text elementor-headline-text-active\">news for thee<\/span>\n\t\t\t\t<\/span>\n\t\t\t\t<\/h3>\n\t\t\t\t\t\t<\/div>\n\t\t\t\t<\/div>\n\t\t\t\t\t<\/div>\n\t\t\t\t<\/div>\n\t\t<div class=\"elementor-element elementor-element-ee44a03 e-flex e-con-boxed wpr-particle-no wpr-jarallax-no wpr-parallax-no wpr-equal-height-no e-con e-parent\" data-id=\"ee44a03\" data-element_type=\"container\" data-e-type=\"container\" data-settings=\"{&quot;background_background&quot;:&quot;classic&quot;}\">\n\t\t\t\t\t<div class=\"e-con-inner\">\n\t\t\t\t<div class=\"elementor-element elementor-element-0f1e0b4 elementor-widget elementor-widget-spacer\" data-id=\"0f1e0b4\" data-element_type=\"widget\" data-e-type=\"widget\" data-widget_type=\"spacer.default\">\n\t\t\t\t<div class=\"elementor-widget-container\">\n\t\t\t\t\t\t\t<div class=\"elementor-spacer\">\n\t\t\t<div class=\"elementor-spacer-inner\"><\/div>\n\t\t<\/div>\n\t\t\t\t\t\t<\/div>\n\t\t\t\t<\/div>\n\t\t\t\t\t<\/div>\n\t\t\t\t<\/div>\n\t\t<div class=\"elementor-element elementor-element-023e078 e-flex e-con-boxed wpr-particle-no wpr-jarallax-no wpr-parallax-no wpr-equal-height-no e-con e-parent\" data-id=\"023e078\" data-element_type=\"container\" data-e-type=\"container\" data-settings=\"{&quot;background_background&quot;:&quot;classic&quot;}\">\n\t\t\t\t\t<div class=\"e-con-inner\">\n\t\t<div class=\"elementor-element elementor-element-9e8dbeb e-con-full e-flex wpr-particle-no wpr-jarallax-no wpr-parallax-no wpr-equal-height-no e-con e-child\" data-id=\"9e8dbeb\" data-element_type=\"container\" data-e-type=\"container\">\n\t\t\t\t<div class=\"elementor-element elementor-element-e0eb30a elementor-widget elementor-widget-heading\" data-id=\"e0eb30a\" data-element_type=\"widget\" data-e-type=\"widget\" data-widget_type=\"heading.default\">\n\t\t\t\t<div class=\"elementor-widget-container\">\n\t\t\t\t\t<h2 class=\"elementor-heading-title elementor-size-default\">Vergleich bekannter Marken aus Sicht einer Markenagentur<\/h2>\t\t\t\t<\/div>\n\t\t\t\t<\/div>\n\t\t\t\t<div class=\"elementor-element elementor-element-2c32241 elementor-widget elementor-widget-text-editor\" data-id=\"2c32241\" data-element_type=\"widget\" data-e-type=\"widget\" data-widget_type=\"text-editor.default\">\n\t\t\t\t<div class=\"elementor-widget-container\">\n\t\t\t\t\t\t\t\t\t<p>In einer Welt, in der Marken einen entscheidenden Einfluss auf das Kaufverhalten und die Wahrnehmung der Verbraucher haben, ist es f\u00fcr Unternehmen von entscheidender Bedeutung, eine starke und differenzierte Marke aufzubauen. Als Markenagentur analysieren wir regelm\u00e4\u00dfig die Markenlandschaft, um Trends zu identifizieren, Strategien zu entwickeln und unseren Kunden dabei zu helfen, sich erfolgreich in einem wettbewerbsintensiven Markt zu positionieren.<\/p><p>Ein Vergleich verschiedener bekannter Marken aus Sicht einer Markenagentur erm\u00f6glicht es uns, Einblicke zu gewinnen, Muster zu erkennen und bew\u00e4hrte Praktiken abzuleiten, die unseren Kunden dabei helfen k\u00f6nnen, ihre eigene Markenidentit\u00e4t zu st\u00e4rken und ihre Ziele zu erreichen.<\/p><p>\u00a0<\/p><section class=\"text-token-text-primary w-full focus:outline-none [--shadow-height:45px] has-data-writing-block:pointer-events-none has-data-writing-block:-mt-(--shadow-height) has-data-writing-block:pt-(--shadow-height) [&amp;:has([data-writing-block])&gt;*]:pointer-events-auto [content-visibility:auto] supports-[content-visibility:auto]:[contain-intrinsic-size:auto_100lvh] R6Vx5W_threadScrollVars scroll-mb-[calc(var(--scroll-root-safe-area-inset-bottom,0px)+var(--thread-response-height))] scroll-mt-[calc(var(--header-height)+min(200px,max(70px,20svh)))]\" dir=\"auto\" data-turn-id=\"request-69de19ae-c9a0-832b-b592-a4d4b92feee8-25\" data-testid=\"conversation-turn-50\" data-scroll-anchor=\"false\" data-turn=\"assistant\"><div class=\"text-base my-auto mx-auto pb-10 [--thread-content-margin:var(--thread-content-margin-xs,calc(var(--spacing)*4))] @w-sm\/main:[--thread-content-margin:var(--thread-content-margin-sm,calc(var(--spacing)*6))] @w-lg\/main:[--thread-content-margin:var(--thread-content-margin-lg,calc(var(--spacing)*16))] px-(--thread-content-margin)\"><div class=\"[--thread-content-max-width:40rem] @w-lg\/main:[--thread-content-max-width:48rem] mx-auto max-w-(--thread-content-max-width) flex-1 group\/turn-messages focus-visible:outline-hidden relative flex w-full min-w-0 flex-col agent-turn\"><div class=\"flex max-w-full flex-col gap-4 grow\"><div class=\"min-h-8 text-message relative flex w-full flex-col items-end gap-2 text-start break-words whitespace-normal outline-none keyboard-focused:focus-ring [.text-message+&amp;]:mt-1\" dir=\"auto\" tabindex=\"0\" data-message-author-role=\"assistant\" data-message-id=\"cf83822b-07f3-4172-9c04-e73ee5acc29a\" data-message-model-slug=\"gpt-5-3\" data-turn-start-message=\"true\"><div class=\"flex w-full flex-col gap-1 empty:hidden\"><div class=\"markdown prose dark:prose-invert w-full wrap-break-word light markdown-new-styling\"><p data-start=\"428\" data-end=\"732\" data-is-last-node=\"\" data-is-only-node=\"\">In dieser Analyse werfen wir einen Blick auf zwei der st\u00e4rksten Marken im deutschen Handel: <span class=\"hover:entity-accent entity-underline inline cursor-pointer align-baseline\"><span class=\"whitespace-normal\">REWE<\/span><\/span> und <span class=\"hover:entity-accent entity-underline inline cursor-pointer align-baseline\"><span class=\"whitespace-normal\">EDEKA<\/span><\/span>. Zwei direkte Wettbewerber \u2013 mit v\u00f6llig unterschiedlichen Strategien und Markenwirkungen. Genau das macht den Vergleich so spannend.<\/p><\/div><\/div><\/div><\/div><\/div><\/div><\/section>\t\t\t\t\t\t\t\t<\/div>\n\t\t\t\t<\/div>\n\t\t\t\t<\/div>\n\t\t<div class=\"elementor-element elementor-element-4bac77e e-con-full e-flex wpr-particle-no wpr-jarallax-no wpr-parallax-no wpr-equal-height-no e-con e-child\" data-id=\"4bac77e\" data-element_type=\"container\" data-e-type=\"container\">\n\t\t\t\t<\/div>\n\t\t\t\t\t<\/div>\n\t\t\t\t<\/div>\n\t\t<div class=\"elementor-element elementor-element-aa1a9ef e-flex e-con-boxed wpr-particle-no wpr-jarallax-no wpr-parallax-no wpr-equal-height-no e-con e-parent\" data-id=\"aa1a9ef\" data-element_type=\"container\" data-e-type=\"container\" data-settings=\"{&quot;background_background&quot;:&quot;classic&quot;}\">\n\t\t\t\t\t<div class=\"e-con-inner\">\n\t\t\t\t<div class=\"elementor-element elementor-element-cc0cc04 elementor-widget elementor-widget-spacer\" data-id=\"cc0cc04\" data-element_type=\"widget\" data-e-type=\"widget\" data-widget_type=\"spacer.default\">\n\t\t\t\t<div class=\"elementor-widget-container\">\n\t\t\t\t\t\t\t<div class=\"elementor-spacer\">\n\t\t\t<div class=\"elementor-spacer-inner\"><\/div>\n\t\t<\/div>\n\t\t\t\t\t\t<\/div>\n\t\t\t\t<\/div>\n\t\t\t\t\t<\/div>\n\t\t\t\t<\/div>\n\t\t<div class=\"elementor-element elementor-element-5e7f9bd1 e-flex e-con-boxed wpr-particle-no wpr-jarallax-no wpr-parallax-no wpr-equal-height-no e-con e-parent\" data-id=\"5e7f9bd1\" data-element_type=\"container\" data-e-type=\"container\">\n\t\t\t\t\t<div class=\"e-con-inner\">\n\t\t<div class=\"elementor-element elementor-element-90a57ed e-con-full e-flex wpr-particle-no wpr-jarallax-no wpr-parallax-no wpr-equal-height-no e-con e-child\" data-id=\"90a57ed\" data-element_type=\"container\" data-e-type=\"container\">\n\t\t\t\t<div class=\"elementor-element elementor-element-40f8422 elementor-widget elementor-widget-spacer\" data-id=\"40f8422\" data-element_type=\"widget\" data-e-type=\"widget\" data-widget_type=\"spacer.default\">\n\t\t\t\t<div class=\"elementor-widget-container\">\n\t\t\t\t\t\t\t<div class=\"elementor-spacer\">\n\t\t\t<div class=\"elementor-spacer-inner\"><\/div>\n\t\t<\/div>\n\t\t\t\t\t\t<\/div>\n\t\t\t\t<\/div>\n\t\t\t\t<div class=\"elementor-element elementor-element-25964326 elementor-widget elementor-widget-wpr-post-title\" data-id=\"25964326\" data-element_type=\"widget\" data-e-type=\"widget\" data-widget_type=\"wpr-post-title.default\">\n\t\t\t\t<div class=\"elementor-widget-container\">\n\t\t\t\t\t<h1 class=\"wpr-post-title\">REWE vs. EDEKA<\/h1>\t\t\t\t<\/div>\n\t\t\t\t<\/div>\n\t\t\t\t<div class=\"elementor-element elementor-element-508380a9 wpr-post-info-align-left elementor-widget elementor-widget-wpr-post-info\" data-id=\"508380a9\" data-element_type=\"widget\" data-e-type=\"widget\" data-widget_type=\"wpr-post-info.default\">\n\t\t\t\t<div class=\"elementor-widget-container\">\n\t\t\t\t\t<ul class=\"wpr-post-info wpr-post-info-vertical\"><li class=\"wpr-post-info-taxonomy\"><a href=\"https:\/\/b2bdesign.de\/en\/category\/good-to-know\/\">Good to know<\/a><\/li><li class=\"wpr-post-info-date\"><span>April 14, 2026<\/span><\/li><\/ul>\t\t\t\t<\/div>\n\t\t\t\t<\/div>\n\t\t\t\t<div class=\"elementor-element elementor-element-512f0549 elementor-widget elementor-widget-text-editor\" data-id=\"512f0549\" data-element_type=\"widget\" data-e-type=\"widget\" data-widget_type=\"text-editor.default\">\n\t\t\t\t<div class=\"elementor-widget-container\">\n\t\t\t\t\t\t\t\t\t<h4>\u2013 Wer gewinnt den Supermarkt-Kampf?<\/h4><p>Im direkten Marken-Duell zwischen EDEKA und REWE prallen zwei v\u00f6llig unterschiedliche Strategien aufeinander.<\/p><p>EDEKA k\u00e4mpft mit Emotion, Pers\u00f6nlichkeit und Erlebnis. Jeder Markt f\u00fchlt sich anders an, oft n\u00e4her, oft \u201eeigener\u201c. Die Marke bleibt h\u00e4ngen, weil sie nicht perfekt ist \u2013 sondern menschlich. Das ist ihre gr\u00f6\u00dfte Waffe: <strong>Erinnerbarkeit durch Charakter<\/strong>.<\/p><p>REWE kontert mit Struktur, Klarheit und System. Alles ist durchdacht, konsistent und funktioniert reibungslos. Kunden wissen, was sie bekommen \u2013 immer. Das ist ihre St\u00e4rke: <strong>Vertrauen durch Verl\u00e4sslichkeit<\/strong>.<\/p><p>Der Kampf ist klar verteilt:<br \/>EDEKA gewinnt im Kopf.<br \/>REWE gewinnt im Alltag.<\/p><p>Oder anders gesagt:<br \/>Der eine begeistert dich.<br \/>Der andere funktioniert f\u00fcr dich.<\/p>\t\t\t\t\t\t\t\t<\/div>\n\t\t\t\t<\/div>\n\t\t\t\t<\/div>\n\t\t<div class=\"elementor-element elementor-element-211b337c e-con-full e-flex wpr-particle-no wpr-jarallax-no wpr-parallax-no wpr-equal-height-no e-con e-child\" data-id=\"211b337c\" data-element_type=\"container\" data-e-type=\"container\">\n\t\t\t\t<div class=\"elementor-element elementor-element-e2e27e0 elementor-widget elementor-widget-image\" data-id=\"e2e27e0\" data-element_type=\"widget\" data-e-type=\"widget\" data-widget_type=\"image.default\">\n\t\t\t\t<div class=\"elementor-widget-container\">\n\t\t\t\t\t\t\t\t\t\t\t\t\t\t\t<img fetchpriority=\"high\" decoding=\"async\" width=\"800\" height=\"450\" src=\"https:\/\/b2bdesign.de\/wp-content\/uploads\/2026\/04\/edeka-vs-rewe-1-1024x576.jpg\" class=\"attachment-large size-large wp-image-17229\" alt=\"\" srcset=\"https:\/\/b2bdesign.de\/wp-content\/uploads\/2026\/04\/edeka-vs-rewe-1-1024x576.jpg 1024w, https:\/\/b2bdesign.de\/wp-content\/uploads\/2026\/04\/edeka-vs-rewe-1-300x169.jpg 300w, https:\/\/b2bdesign.de\/wp-content\/uploads\/2026\/04\/edeka-vs-rewe-1-768x432.jpg 768w, https:\/\/b2bdesign.de\/wp-content\/uploads\/2026\/04\/edeka-vs-rewe-1-18x10.jpg 18w, https:\/\/b2bdesign.de\/wp-content\/uploads\/2026\/04\/edeka-vs-rewe-1.jpg 1280w\" sizes=\"(max-width: 800px) 100vw, 800px\" \/>\t\t\t\t\t\t\t\t\t\t\t\t\t\t\t<\/div>\n\t\t\t\t<\/div>\n\t\t\t\t<\/div>\n\t\t\t\t\t<\/div>\n\t\t\t\t<\/div>\n\t\t<div class=\"elementor-element elementor-element-2028ef27 e-flex e-con-boxed wpr-particle-no wpr-jarallax-no wpr-parallax-no wpr-equal-height-no e-con e-parent\" data-id=\"2028ef27\" data-element_type=\"container\" data-e-type=\"container\">\n\t\t\t\t\t<div class=\"e-con-inner\">\n\t\t\t\t<div class=\"elementor-element elementor-element-583ea259 elementor-widget elementor-widget-spacer\" data-id=\"583ea259\" data-element_type=\"widget\" data-e-type=\"widget\" data-widget_type=\"spacer.default\">\n\t\t\t\t<div class=\"elementor-widget-container\">\n\t\t\t\t\t\t\t<div class=\"elementor-spacer\">\n\t\t\t<div class=\"elementor-spacer-inner\"><\/div>\n\t\t<\/div>\n\t\t\t\t\t\t<\/div>\n\t\t\t\t<\/div>\n\t\t\t\t<div class=\"elementor-element elementor-element-72a9ae9c elementor-widget__width-initial elementor-widget elementor-widget-text-editor\" data-id=\"72a9ae9c\" data-element_type=\"widget\" data-e-type=\"widget\" data-widget_type=\"text-editor.default\">\n\t\t\t\t<div class=\"elementor-widget-container\">\n\t\t\t\t\t\t\t\t\t<h3>Wie macht EDEKA Werbung?<\/h3><p>\u00a0<\/p><p>EDEKA macht Werbung ganz anders als klassische Handelsketten \u2013 weniger \u201eAngebote &amp; Preise\u201c, mehr <strong>Emotion, Haltung und Gespr\u00e4chsthemen<\/strong>.<\/p><p>\u00a0<\/p><h5><strong>Emotion statt Rabatt-Schlacht<\/strong><\/h5><p>W\u00e4hrend viele H\u00e4ndler (auch REWE) stark auf Angebote setzen, geht EDEKA bewusst einen anderen Weg:<\/p><p><strong>Storytelling statt Preisschilder<\/strong><\/p><p>Bekannte Kampagnen:<\/p><ul><li><p>\u201eHeimkommen\u201c (Weihnachten, extrem emotional)<\/p><\/li><li><p>\u201eSupergeil\u201c (ironisch, viral)<\/p><\/li><\/ul><p><strong>Ziel:<\/strong><br \/>Nicht nur verkaufen \u2013 sondern <strong>im Kopf bleiben<\/strong><\/p><h5>\u00a0<\/h5><h5><strong>Werbung mit Haltung<\/strong><\/h5><p>EDEKA greift immer wieder gesellschaftliche Themen auf:<\/p><ul><li><p>Vielfalt<\/p><\/li><li><p>Ern\u00e4hrung<\/p><\/li><li><p>Zusammenhalt<\/p><\/li><\/ul><p><strong>Das ist riskant \u2013 aber bewusst so gew\u00e4hlt.<\/strong><\/p><p><strong>Ergebnis:<\/strong><br \/>Die Marke wird nicht nur gesehen, sondern <strong>diskutiert<\/strong><\/p><h5>\u00a0<\/h5><h5><strong>Viral statt klassisch<\/strong><\/h5><p>Viele EDEKA-Spots sind darauf ausgelegt, sich organisch zu verbreiten.<\/p><p><strong>Typisch:<\/strong><\/p><ul><li><p>YouTube-first Kampagnen<\/p><\/li><li><p>Social Media Push<\/p><\/li><li><p>hohe Teilbarkeit<\/p><\/li><\/ul><p><strong>Prinzip:<\/strong><br \/>Lieber <strong>eine starke Idee<\/strong>, die Millionen erreicht<br \/>als 100 austauschbare Werbeanzeigen<\/p><p>\u00a0<\/p><h5><strong>Mut zur Provokation<\/strong><\/h5><p>EDEKA traut sich Dinge, die andere vermeiden:<\/p><ul><li><p>ungew\u00f6hnliche Spots<\/p><\/li><li><p>\u00fcberraschende Wendungen<\/p><\/li><li><p>emotionale Extreme<\/p><\/li><\/ul><p>Manche Kampagnen polarisieren bewusst<\/p><p><strong>Warum das funktioniert:<\/strong><br \/>Aufmerksamkeit entsteht selten durch \u201enett\u201c<\/p><h5>\u00a0<\/h5><h5><strong>Die eigentliche Strategie<\/strong><\/h5><p>EDEKA macht keine klassische Werbung.<\/p><p>Sie bauen <strong>Markenmomente<\/strong>.<\/p><ul><li><p>Weniger Fokus auf Preis<\/p><\/li><li><p>Mehr Fokus auf Gef\u00fchl<\/p><\/li><li><p>Mehr Fokus auf Relevanz<\/p><\/li><\/ul><h5>\u00a0<\/h5><h5><strong>In einem Satz<\/strong><\/h5><p>EDEKA wirbt nicht, um Produkte zu verkaufen.<br \/>EDEKA wirbt, um <strong>im Kopf zu bleiben<\/strong>.<\/p>\t\t\t\t\t\t\t\t<\/div>\n\t\t\t\t<\/div>\n\t\t\t\t\t<\/div>\n\t\t\t\t<\/div>\n\t\t<div class=\"elementor-element elementor-element-e2b8c96 e-flex e-con-boxed wpr-particle-no wpr-jarallax-no wpr-parallax-no wpr-equal-height-no e-con e-parent\" data-id=\"e2b8c96\" data-element_type=\"container\" data-e-type=\"container\">\n\t\t\t\t\t<div class=\"e-con-inner\">\n\t\t\t\t<div class=\"elementor-element elementor-element-610f4c8 elementor-widget elementor-widget-spacer\" data-id=\"610f4c8\" data-element_type=\"widget\" data-e-type=\"widget\" data-widget_type=\"spacer.default\">\n\t\t\t\t<div class=\"elementor-widget-container\">\n\t\t\t\t\t\t\t<div class=\"elementor-spacer\">\n\t\t\t<div class=\"elementor-spacer-inner\"><\/div>\n\t\t<\/div>\n\t\t\t\t\t\t<\/div>\n\t\t\t\t<\/div>\n\t\t\t\t<div class=\"elementor-element elementor-element-cb4fc84 elementor-widget__width-initial elementor-widget elementor-widget-text-editor\" data-id=\"cb4fc84\" data-element_type=\"widget\" data-e-type=\"widget\" data-widget_type=\"text-editor.default\">\n\t\t\t\t<div class=\"elementor-widget-container\">\n\t\t\t\t\t\t\t\t\t<h3>Wie macht REWE Werbung?<\/h3><p>REWE spielt ein komplett anderes Spiel als EDEKA.<\/p><p>Weniger Emotional-Extrem.<br \/>Weniger \u201eviral um jeden Preis\u201c.<br \/>Daf\u00fcr deutlich klarer, strukturierter \u2013 und strategischer.<\/p><p>\u00a0<\/p><h5><strong>Systematische Markenf\u00fchrung<\/strong><\/h5><p>REWE denkt Werbung nicht als einzelne Kampagne, sondern als <strong>durchg\u00e4ngiges System<\/strong>.<\/p><p><strong>Klare Markenarchitektur:<\/strong><\/p><ul><li><p>\u201eja!\u201c (Preis)<\/p><\/li><li><p>\u201eREWE Beste Wahl\u201c (Qualit\u00e4t)<\/p><\/li><li><p>\u201eREWE Feine Welt\u201c (Premium)<\/p><\/li><\/ul><p><strong>Ergebnis:<\/strong><br \/>Der Kunde versteht sofort:<br \/><strong>Was bekomme ich hier \u2013 und auf welchem Niveau?<\/strong><\/p><h5>\u00a0<\/h5><h5><strong>Alltag statt Ausnahme<\/strong><\/h5><p>W\u00e4hrend EDEKA oft auf gro\u00dfe Emotionen setzt, zeigt REWE den Alltag:<\/p><p><strong>Typisch:<\/strong><\/p><ul><li><p>Familie<\/p><\/li><li><p>Einkaufen<\/p><\/li><li><p>Kochen<\/p><\/li><li><p>einfache, nachvollziehbare Situationen<\/p><\/li><\/ul><p><strong>Ziel:<\/strong><br \/><strong>N\u00e4he durch Wiedererkennbarkeit<\/strong>, nicht durch Drama<\/p><h5>\u00a0<\/h5><h5><strong>Kontinuit\u00e4t statt Kampagnen-Hype<\/strong><\/h5><p>REWE setzt weniger auf einzelne virale Hits, sondern auf:<\/p><p>Wiederholung + Konsistenz<\/p><ul><li><p>\u00e4hnliche Bildwelten<\/p><\/li><li><p>\u00e4hnliche Botschaften<\/p><\/li><li><p>klare Wiedererkennbarkeit<\/p><\/li><\/ul><p><strong>Ergebnis:<\/strong><br \/><strong>Verl\u00e4ssliche Marke statt \u00dcberraschung<\/strong><\/p><h5>\u00a0<\/h5><h5><strong>Haltung \u2013 aber kontrolliert<\/strong><\/h5><p>Auch REWE greift gesellschaftliche Themen auf:<\/p><ul><li><p>Nachhaltigkeit<\/p><\/li><li><p>Ern\u00e4hrung<\/p><\/li><li><p>Verantwortung<\/p><\/li><\/ul><p><strong>Aber:<\/strong><br \/>Weniger provokant, mehr integriert in die Marke<\/p><p><strong>Ergebnis:<\/strong><br \/><strong>Sympathisch statt polarisierend<\/strong><\/p><h5>\u00a0<\/h5><h5><strong>Werbung = Teil des Einkaufssystems<\/strong><\/h5><p>Bei REWE ist Werbung eng verzahnt mit:<\/p><ul><li><p>Angeboten<\/p><\/li><li><p>Prospekten<\/p><\/li><li><p>App-Deals<\/p><\/li><li><p>Payback &amp; Aktionen<\/p><\/li><\/ul><p>Kommunikation ist oft direkt verkn\u00fcpft mit Kaufanreizen<\/p><p><strong>Ergebnis:<\/strong><br \/><strong>Werbung wirkt st\u00e4rker auf Conversion als auf Viralit\u00e4t<\/strong><\/p><h5>\u00a0<\/h5><h5><strong>Die eigentliche Strategie<\/strong><\/h5><p>REWE macht keine laute Werbung.<\/p><p>REWE baut ein <strong>funktionierendes Marken- und Verkaufssystem<\/strong>.<\/p><ul><li><p>Klar verst\u00e4ndlich<\/p><\/li><li><p>zuverl\u00e4ssig<\/p><\/li><li><p>skalierbar<\/p><\/li><\/ul><h5>\u00a0<\/h5><h5><strong>In einem Satz<\/strong><\/h5><p>REWE wirbt nicht, um aufzufallen.<br \/>REWE wirbt, um <strong>zu funktionieren<\/strong>.<\/p>\t\t\t\t\t\t\t\t<\/div>\n\t\t\t\t<\/div>\n\t\t\t\t<div class=\"elementor-element elementor-element-6964828 elementor-widget elementor-widget-spacer\" data-id=\"6964828\" data-element_type=\"widget\" data-e-type=\"widget\" data-widget_type=\"spacer.default\">\n\t\t\t\t<div class=\"elementor-widget-container\">\n\t\t\t\t\t\t\t<div class=\"elementor-spacer\">\n\t\t\t<div class=\"elementor-spacer-inner\"><\/div>\n\t\t<\/div>\n\t\t\t\t\t\t<\/div>\n\t\t\t\t<\/div>\n\t\t\t\t\t<\/div>\n\t\t\t\t<\/div>\n\t\t<div class=\"elementor-element elementor-element-faa46bf e-flex e-con-boxed wpr-particle-no wpr-jarallax-no wpr-parallax-no wpr-equal-height-no e-con e-parent\" data-id=\"faa46bf\" data-element_type=\"container\" data-e-type=\"container\" data-settings=\"{&quot;background_background&quot;:&quot;classic&quot;}\">\n\t\t\t\t\t<div class=\"e-con-inner\">\n\t\t\t\t<div class=\"elementor-element elementor-element-1fec529 elementor-widget elementor-widget-spacer\" data-id=\"1fec529\" data-element_type=\"widget\" data-e-type=\"widget\" data-widget_type=\"spacer.default\">\n\t\t\t\t<div class=\"elementor-widget-container\">\n\t\t\t\t\t\t\t<div class=\"elementor-spacer\">\n\t\t\t<div class=\"elementor-spacer-inner\"><\/div>\n\t\t<\/div>\n\t\t\t\t\t\t<\/div>\n\t\t\t\t<\/div>\n\t\t\t\t\t<\/div>\n\t\t\t\t<\/div>\n\t\t<div class=\"elementor-element elementor-element-01433cf e-flex e-con-boxed wpr-particle-no wpr-jarallax-no wpr-parallax-no wpr-equal-height-no e-con e-parent\" data-id=\"01433cf\" data-element_type=\"container\" data-e-type=\"container\" data-settings=\"{&quot;background_background&quot;:&quot;classic&quot;}\">\n\t\t\t\t\t<div class=\"e-con-inner\">\n\t\t<div class=\"elementor-element elementor-element-e4f5953 e-con-full e-flex wpr-particle-no wpr-jarallax-no wpr-parallax-no wpr-equal-height-no e-con e-child\" data-id=\"e4f5953\" data-element_type=\"container\" data-e-type=\"container\">\n\t\t\t\t<div class=\"elementor-element elementor-element-d75329c elementor-widget elementor-widget-image\" data-id=\"d75329c\" data-element_type=\"widget\" data-e-type=\"widget\" data-widget_type=\"image.default\">\n\t\t\t\t<div class=\"elementor-widget-container\">\n\t\t\t\t\t\t\t\t\t\t\t\t\t\t\t<img decoding=\"async\" width=\"800\" height=\"450\" src=\"https:\/\/b2bdesign.de\/wp-content\/uploads\/2026\/04\/1919-edeka-markt-aussen.avif\" class=\"attachment-large size-large wp-image-17205\" alt=\"\" \/>\t\t\t\t\t\t\t\t\t\t\t\t\t\t\t<\/div>\n\t\t\t\t<\/div>\n\t\t\t\t<\/div>\n\t\t<div class=\"elementor-element elementor-element-405c48c e-con-full e-flex wpr-particle-no wpr-jarallax-no wpr-parallax-no wpr-equal-height-no e-con e-child\" data-id=\"405c48c\" data-element_type=\"container\" data-e-type=\"container\">\n\t\t\t\t<div class=\"elementor-element elementor-element-1074128 elementor-widget elementor-widget-heading\" data-id=\"1074128\" data-element_type=\"widget\" data-e-type=\"widget\" data-widget_type=\"heading.default\">\n\t\t\t\t<div class=\"elementor-widget-container\">\n\t\t\t\t\t<h2 class=\"elementor-heading-title elementor-size-default\">Geschichte EDEKA<\/h2>\t\t\t\t<\/div>\n\t\t\t\t<\/div>\n\t\t\t\t<div class=\"elementor-element elementor-element-40fcc87 elementor-widget elementor-widget-text-editor\" data-id=\"40fcc87\" data-element_type=\"widget\" data-e-type=\"widget\" data-widget_type=\"text-editor.default\">\n\t\t\t\t<div class=\"elementor-widget-container\">\n\t\t\t\t\t\t\t\t\t<p data-start=\"0\" data-end=\"133\">Die Geschichte von <span class=\"hover:entity-accent entity-underline inline cursor-pointer align-baseline\"><span class=\"whitespace-normal\">EDEKA<\/span><\/span> beginnt nicht als moderner Supermarkt \u2013 sondern als Antwort auf ein Problem.<\/p><p data-start=\"135\" data-end=\"319\">Ende des 19. Jahrhunderts hatten viele kleine Lebensmittelh\u00e4ndler ein gemeinsames Thema:<br data-start=\"223\" data-end=\"226\" \/>Sie waren beim Einkauf von Waren von Gro\u00dfh\u00e4ndlern abh\u00e4ngig und hatten kaum Verhandlungsmacht.<\/p><p data-start=\"321\" data-end=\"354\"><strong>Die L\u00f6sung: zusammenschlie\u00dfen.<\/strong><\/p><p data-start=\"356\" data-end=\"532\">1898 gr\u00fcndeten Kaufleute in Berlin die erste Einkaufsgenossenschaft \u2013 der Ursprung von EDEKA.<br data-start=\"449\" data-end=\"452\" \/>Der Name selbst steht f\u00fcr <strong data-start=\"478\" data-end=\"531\">\u201eEinkaufsgenossenschaft der Kolonialwarenh\u00e4ndler\u201c<\/strong>.<\/p>\t\t\t\t\t\t\t\t<\/div>\n\t\t\t\t<\/div>\n\t\t\t\t<\/div>\n\t\t\t\t\t<\/div>\n\t\t\t\t<\/div>\n\t\t<div class=\"elementor-element elementor-element-d334eef e-flex e-con-boxed wpr-particle-no wpr-jarallax-no wpr-parallax-no wpr-equal-height-no e-con e-parent\" data-id=\"d334eef\" data-element_type=\"container\" data-e-type=\"container\" data-settings=\"{&quot;background_background&quot;:&quot;classic&quot;}\">\n\t\t\t\t\t<div class=\"e-con-inner\">\n\t\t\t\t<div class=\"elementor-element elementor-element-28d263b elementor-widget elementor-widget-spacer\" data-id=\"28d263b\" data-element_type=\"widget\" data-e-type=\"widget\" data-widget_type=\"spacer.default\">\n\t\t\t\t<div class=\"elementor-widget-container\">\n\t\t\t\t\t\t\t<div class=\"elementor-spacer\">\n\t\t\t<div class=\"elementor-spacer-inner\"><\/div>\n\t\t<\/div>\n\t\t\t\t\t\t<\/div>\n\t\t\t\t<\/div>\n\t\t\t\t\t<\/div>\n\t\t\t\t<\/div>\n\t\t<div class=\"elementor-element elementor-element-185e110 e-flex e-con-boxed wpr-particle-no wpr-jarallax-no wpr-parallax-no wpr-equal-height-no e-con e-parent\" data-id=\"185e110\" data-element_type=\"container\" data-e-type=\"container\" data-settings=\"{&quot;background_background&quot;:&quot;classic&quot;}\">\n\t\t\t\t\t<div class=\"e-con-inner\">\n\t\t<div class=\"elementor-element elementor-element-235e770 e-con-full e-flex wpr-particle-no wpr-jarallax-no wpr-parallax-no wpr-equal-height-no e-con e-child\" data-id=\"235e770\" data-element_type=\"container\" data-e-type=\"container\">\n\t\t\t\t<div class=\"elementor-element elementor-element-ad95eb3 elementor-widget elementor-widget-image\" data-id=\"ad95eb3\" data-element_type=\"widget\" data-e-type=\"widget\" data-widget_type=\"image.default\">\n\t\t\t\t<div class=\"elementor-widget-container\">\n\t\t\t\t\t\t\t\t\t\t\t\t\t\t\t<img decoding=\"async\" width=\"800\" height=\"450\" src=\"https:\/\/b2bdesign.de\/wp-content\/uploads\/2026\/04\/edeka-logos-1024x576.jpg\" class=\"attachment-large size-large wp-image-17203\" alt=\"\" srcset=\"https:\/\/b2bdesign.de\/wp-content\/uploads\/2026\/04\/edeka-logos-1024x576.jpg 1024w, https:\/\/b2bdesign.de\/wp-content\/uploads\/2026\/04\/edeka-logos-300x169.jpg 300w, https:\/\/b2bdesign.de\/wp-content\/uploads\/2026\/04\/edeka-logos-768x432.jpg 768w, https:\/\/b2bdesign.de\/wp-content\/uploads\/2026\/04\/edeka-logos-18x10.jpg 18w, https:\/\/b2bdesign.de\/wp-content\/uploads\/2026\/04\/edeka-logos.jpg 1280w\" sizes=\"(max-width: 800px) 100vw, 800px\" \/>\t\t\t\t\t\t\t\t\t\t\t\t\t\t\t<\/div>\n\t\t\t\t<\/div>\n\t\t\t\t<\/div>\n\t\t<div class=\"elementor-element elementor-element-caeead2 e-con-full e-flex wpr-particle-no wpr-jarallax-no wpr-parallax-no wpr-equal-height-no e-con e-child\" data-id=\"caeead2\" data-element_type=\"container\" data-e-type=\"container\">\n\t\t\t\t<div class=\"elementor-element elementor-element-e3e5dcb elementor-widget elementor-widget-heading\" data-id=\"e3e5dcb\" data-element_type=\"widget\" data-e-type=\"widget\" data-widget_type=\"heading.default\">\n\t\t\t\t<div class=\"elementor-widget-container\">\n\t\t\t\t\t<h2 class=\"elementor-heading-title elementor-size-default\">Das Logo von EDEKA<\/h2>\t\t\t\t<\/div>\n\t\t\t\t<\/div>\n\t\t\t\t<div class=\"elementor-element elementor-element-dfc17af elementor-widget elementor-widget-text-editor\" data-id=\"dfc17af\" data-element_type=\"widget\" data-e-type=\"widget\" data-widget_type=\"text-editor.default\">\n\t\t\t\t<div class=\"elementor-widget-container\">\n\t\t\t\t\t\t\t\t\t<p data-start=\"0\" data-end=\"342\">Die Geschichte hinter dem Logo von <span class=\"hover:entity-accent entity-underline inline cursor-pointer align-baseline\"><span class=\"whitespace-normal\">EDEKA<\/span><\/span> ist eng mit dem Ursprung der Marke verbunden. Als sich Ende des 19. Jahrhunderts viele selbstst\u00e4ndige H\u00e4ndler zusammenschlossen, brauchten sie vor allem eines: ein einfaches, gemeinsames Erkennungszeichen. So entstand das gro\u00dfe \u201eE\u201c \u2013 klar, direkt und f\u00fcr jeden nutzbar.<\/p><p data-start=\"344\" data-end=\"573\">Das Logo sollte nicht den einzelnen Markt darstellen, sondern die Zugeh\u00f6rigkeit zu einer Gemeinschaft zeigen. Die Farben Blau und Gelb wurden gew\u00e4hlt, um Vertrauen auszustrahlen und gleichzeitig im Stra\u00dfenbild sofort aufzufallen.<\/p><p data-start=\"575\" data-end=\"858\" data-is-last-node=\"\" data-is-only-node=\"\">Bis heute hat sich daran kaum etwas ge\u00e4ndert. Statt st\u00e4ndigem Redesign setzt EDEKA auf Best\u00e4ndigkeit. Genau das macht das Logo so stark: Es ist weniger ein Design-Statement als ein Symbol f\u00fcr ein funktionierendes System aus vielen unabh\u00e4ngigen H\u00e4ndlern unter einer gemeinsamen Marke.<\/p><p data-start=\"575\" data-end=\"858\" data-is-last-node=\"\" data-is-only-node=\"\">Das EDEKA-Logo wurde nicht entworfen, um sch\u00f6n zu sein.<br data-start=\"1834\" data-end=\"1837\" \/>Es wurde geschaffen, um <strong data-start=\"1861\" data-end=\"1901\">eine Gemeinschaft sichtbar zu machen<\/strong>.<\/p>\t\t\t\t\t\t\t\t<\/div>\n\t\t\t\t<\/div>\n\t\t\t\t<\/div>\n\t\t\t\t\t<\/div>\n\t\t\t\t<\/div>\n\t\t<div class=\"elementor-element elementor-element-9fa4689 e-flex e-con-boxed wpr-particle-no wpr-jarallax-no wpr-parallax-no wpr-equal-height-no e-con e-parent\" data-id=\"9fa4689\" data-element_type=\"container\" data-e-type=\"container\" data-settings=\"{&quot;background_background&quot;:&quot;classic&quot;}\">\n\t\t\t\t\t<div class=\"e-con-inner\">\n\t\t\t\t<div class=\"elementor-element elementor-element-36113d0 elementor-widget elementor-widget-spacer\" data-id=\"36113d0\" data-element_type=\"widget\" data-e-type=\"widget\" data-widget_type=\"spacer.default\">\n\t\t\t\t<div class=\"elementor-widget-container\">\n\t\t\t\t\t\t\t<div class=\"elementor-spacer\">\n\t\t\t<div class=\"elementor-spacer-inner\"><\/div>\n\t\t<\/div>\n\t\t\t\t\t\t<\/div>\n\t\t\t\t<\/div>\n\t\t\t\t\t<\/div>\n\t\t\t\t<\/div>\n\t\t<div class=\"elementor-element elementor-element-59de145 e-flex e-con-boxed wpr-particle-no wpr-jarallax-no wpr-parallax-no wpr-equal-height-no e-con e-parent\" data-id=\"59de145\" data-element_type=\"container\" data-e-type=\"container\" data-settings=\"{&quot;background_background&quot;:&quot;classic&quot;}\">\n\t\t\t\t\t<div class=\"e-con-inner\">\n\t\t<div class=\"elementor-element elementor-element-80d7991 e-con-full e-flex wpr-particle-no wpr-jarallax-no wpr-parallax-no wpr-equal-height-no e-con e-child\" data-id=\"80d7991\" data-element_type=\"container\" data-e-type=\"container\">\n\t\t\t\t<\/div>\n\t\t<div class=\"elementor-element elementor-element-bd4c513 e-con-full e-flex wpr-particle-no wpr-jarallax-no wpr-parallax-no wpr-equal-height-no e-con e-child\" data-id=\"bd4c513\" data-element_type=\"container\" data-e-type=\"container\">\n\t\t\t\t<div class=\"elementor-element elementor-element-b71eb63 elementor-widget elementor-widget-heading\" data-id=\"b71eb63\" data-element_type=\"widget\" data-e-type=\"widget\" data-widget_type=\"heading.default\">\n\t\t\t\t<div class=\"elementor-widget-container\">\n\t\t\t\t\t<h2 class=\"elementor-heading-title elementor-size-default\">Entwicklung Logo EDEKA<\/h2>\t\t\t\t<\/div>\n\t\t\t\t<\/div>\n\t\t\t\t<div class=\"elementor-element elementor-element-95b20fb elementor-widget elementor-widget-text-editor\" data-id=\"95b20fb\" data-element_type=\"widget\" data-e-type=\"widget\" data-widget_type=\"text-editor.default\">\n\t\t\t\t<div class=\"elementor-widget-container\">\n\t\t\t\t\t\t\t\t\t<p data-start=\"0\" data-end=\"299\">Die Entwicklung des Logos von <span class=\"hover:entity-accent entity-underline inline cursor-pointer align-baseline\"><span class=\"whitespace-normal\">EDEKA<\/span><\/span> ist eher eine Evolution als ein Wandel. Anfangs gab es verschiedene Schriftz\u00fcge und Zeichen ohne klare Linie. Mit dem Wachstum setzte sich das einfache \u201eE\u201c als gemeinsames Symbol durch \u2013 klar, pr\u00e4gnant und f\u00fcr alle H\u00e4ndler nutzbar.<\/p><p data-start=\"301\" data-end=\"469\">\u00dcber die Jahre wurde dieses Zeichen nur verfeinert: Farben, Formen und Typografie wurden vereinheitlicht, bis das heutige Logo entstand. Gro\u00dfe Ver\u00e4nderungen gab es nie.<\/p><p data-start=\"471\" data-end=\"530\" data-is-last-node=\"\" data-is-only-node=\"\">\ud83d\udc49 Der Kern blieb immer gleich: ein starkes, einfaches \u201eE\u201c.<\/p>\t\t\t\t\t\t\t\t<\/div>\n\t\t\t\t<\/div>\n\t\t\t\t<\/div>\n\t\t\t\t\t<\/div>\n\t\t\t\t<\/div>\n\t\t<div class=\"elementor-element elementor-element-500f4dd e-flex e-con-boxed wpr-particle-no wpr-jarallax-no wpr-parallax-no wpr-equal-height-no e-con e-parent\" data-id=\"500f4dd\" data-element_type=\"container\" data-e-type=\"container\" data-settings=\"{&quot;background_background&quot;:&quot;classic&quot;}\">\n\t\t\t\t\t<div class=\"e-con-inner\">\n\t\t\t\t<div class=\"elementor-element elementor-element-e234d0a elementor-widget elementor-widget-spacer\" data-id=\"e234d0a\" data-element_type=\"widget\" data-e-type=\"widget\" data-widget_type=\"spacer.default\">\n\t\t\t\t<div class=\"elementor-widget-container\">\n\t\t\t\t\t\t\t<div class=\"elementor-spacer\">\n\t\t\t<div class=\"elementor-spacer-inner\"><\/div>\n\t\t<\/div>\n\t\t\t\t\t\t<\/div>\n\t\t\t\t<\/div>\n\t\t\t\t\t<\/div>\n\t\t\t\t<\/div>\n\t\t<div class=\"elementor-element elementor-element-eb7b830 e-flex e-con-boxed wpr-particle-no wpr-jarallax-no wpr-parallax-no wpr-equal-height-no e-con e-parent\" data-id=\"eb7b830\" data-element_type=\"container\" data-e-type=\"container\" data-settings=\"{&quot;background_background&quot;:&quot;classic&quot;}\">\n\t\t\t\t\t<div class=\"e-con-inner\">\n\t\t\t\t<div class=\"elementor-element elementor-element-c1d0621 elementor-widget elementor-widget-spacer\" data-id=\"c1d0621\" data-element_type=\"widget\" data-e-type=\"widget\" data-widget_type=\"spacer.default\">\n\t\t\t\t<div class=\"elementor-widget-container\">\n\t\t\t\t\t\t\t<div class=\"elementor-spacer\">\n\t\t\t<div class=\"elementor-spacer-inner\"><\/div>\n\t\t<\/div>\n\t\t\t\t\t\t<\/div>\n\t\t\t\t<\/div>\n\t\t\t\t\t<\/div>\n\t\t\t\t<\/div>\n\t\t<div class=\"elementor-element elementor-element-1023e28 e-flex e-con-boxed wpr-particle-no wpr-jarallax-no wpr-parallax-no wpr-equal-height-no e-con e-parent\" data-id=\"1023e28\" data-element_type=\"container\" data-e-type=\"container\" data-settings=\"{&quot;background_background&quot;:&quot;classic&quot;}\">\n\t\t\t\t\t<div class=\"e-con-inner\">\n\t\t<div class=\"elementor-element elementor-element-e3fa1b3 e-con-full e-flex wpr-particle-no wpr-jarallax-no wpr-parallax-no wpr-equal-height-no e-con e-child\" data-id=\"e3fa1b3\" data-element_type=\"container\" data-e-type=\"container\">\n\t\t\t\t<div class=\"elementor-element elementor-element-a7a2294 elementor-widget__width-inherit elementor-widget elementor-widget-image\" data-id=\"a7a2294\" data-element_type=\"widget\" data-e-type=\"widget\" data-widget_type=\"image.default\">\n\t\t\t\t<div class=\"elementor-widget-container\">\n\t\t\t\t\t\t\t\t\t\t\t\t\t\t\t<img loading=\"lazy\" decoding=\"async\" width=\"800\" height=\"507\" src=\"https:\/\/b2bdesign.de\/wp-content\/uploads\/2026\/04\/rewe-1024x649.jpg\" class=\"attachment-large size-large wp-image-17207\" alt=\"\" srcset=\"https:\/\/b2bdesign.de\/wp-content\/uploads\/2026\/04\/rewe-1024x649.jpg 1024w, https:\/\/b2bdesign.de\/wp-content\/uploads\/2026\/04\/rewe-300x190.jpg 300w, https:\/\/b2bdesign.de\/wp-content\/uploads\/2026\/04\/rewe-768x487.jpg 768w, https:\/\/b2bdesign.de\/wp-content\/uploads\/2026\/04\/rewe-18x12.jpg 18w, https:\/\/b2bdesign.de\/wp-content\/uploads\/2026\/04\/rewe.jpg 1100w\" sizes=\"(max-width: 800px) 100vw, 800px\" \/>\t\t\t\t\t\t\t\t\t\t\t\t\t\t\t<\/div>\n\t\t\t\t<\/div>\n\t\t\t\t<\/div>\n\t\t<div class=\"elementor-element elementor-element-7dc5bbf e-con-full e-flex wpr-particle-no wpr-jarallax-no wpr-parallax-no wpr-equal-height-no e-con e-child\" data-id=\"7dc5bbf\" data-element_type=\"container\" data-e-type=\"container\">\n\t\t\t\t<div class=\"elementor-element elementor-element-f9aad41 elementor-widget elementor-widget-heading\" data-id=\"f9aad41\" data-element_type=\"widget\" data-e-type=\"widget\" data-widget_type=\"heading.default\">\n\t\t\t\t<div class=\"elementor-widget-container\">\n\t\t\t\t\t<h2 class=\"elementor-heading-title elementor-size-default\">Geschichte REWE<\/h2>\t\t\t\t<\/div>\n\t\t\t\t<\/div>\n\t\t\t\t<div class=\"elementor-element elementor-element-80a6879 elementor-widget elementor-widget-text-editor\" data-id=\"80a6879\" data-element_type=\"widget\" data-e-type=\"widget\" data-widget_type=\"text-editor.default\">\n\t\t\t\t<div class=\"elementor-widget-container\">\n\t\t\t\t\t\t\t\t\t<p data-start=\"0\" data-end=\"196\">Die Geschichte von <span class=\"hover:entity-accent entity-underline inline cursor-pointer align-baseline\"><span class=\"whitespace-normal\">REWE<\/span><\/span> beginnt \u2013 \u00e4hnlich wie bei vielen Handelsorganisationen \u2013 nicht als starke Marke, sondern als praktische L\u00f6sung f\u00fcr ein gemeinsames Problem.<\/p><p data-start=\"198\" data-end=\"456\">1927 schlossen sich in Deutschland selbstst\u00e4ndige Kaufleute zusammen, um ihre Einkaufsmacht zu b\u00fcndeln. Der Name \u201eREWE\u201c stand dabei f\u00fcr <strong data-start=\"334\" data-end=\"386\">\u201eRevisionsverband der Westkauf-Genossenschaften\u201c<\/strong> \u2013 also zun\u00e4chst eine reine Organisationsstruktur ohne Markenanspruch.<\/p><p data-start=\"458\" data-end=\"660\">In den ersten Jahrzehnten ging es vor allem um Effizienz: bessere Preise, gemeinsame Logistik und mehr Wettbewerbskraft gegen\u00fcber gro\u00dfen Lieferanten. F\u00fcr Kunden spielte die Marke selbst kaum eine Rolle.<\/p><p data-start=\"662\" data-end=\"1064\">Der entscheidende Wandel kam in den 1960er-Jahren. Aus dem genossenschaftlichen Verbund entwickelte sich schrittweise eine <strong data-start=\"785\" data-end=\"807\">klare Handelsmarke<\/strong>. Der Name wurde verk\u00fcrzt, M\u00e4rkte wurden vereinheitlicht und REWE begann, ein konsistentes Erscheinungsbild aufzubauen. W\u00e4hrend viele Wettbewerber noch stark individuell auftraten, setzte REWE fr\u00fch auf <strong data-start=\"1009\" data-end=\"1063\">Struktur, Standardisierung und Wiedererkennbarkeit<\/strong>.<\/p><p data-start=\"1066\" data-end=\"1300\">In den folgenden Jahrzehnten wuchs REWE stark \u2013 durch Expansion, \u00dcbernahmen und den Ausbau eigener Marken. Gleichzeitig entwickelte sich das Unternehmen zu einem modernen Handelskonzern mit klaren Prozessen und einer starken Zentrale.<\/p>\t\t\t\t\t\t\t\t<\/div>\n\t\t\t\t<\/div>\n\t\t\t\t<\/div>\n\t\t\t\t\t<\/div>\n\t\t\t\t<\/div>\n\t\t<div class=\"elementor-element elementor-element-e1023d0 e-flex e-con-boxed wpr-particle-no wpr-jarallax-no wpr-parallax-no wpr-equal-height-no e-con e-parent\" data-id=\"e1023d0\" data-element_type=\"container\" data-e-type=\"container\" data-settings=\"{&quot;background_background&quot;:&quot;classic&quot;}\">\n\t\t\t\t\t<div class=\"e-con-inner\">\n\t\t\t\t<div class=\"elementor-element elementor-element-98ae7f9 elementor-widget elementor-widget-spacer\" data-id=\"98ae7f9\" data-element_type=\"widget\" data-e-type=\"widget\" data-widget_type=\"spacer.default\">\n\t\t\t\t<div class=\"elementor-widget-container\">\n\t\t\t\t\t\t\t<div class=\"elementor-spacer\">\n\t\t\t<div class=\"elementor-spacer-inner\"><\/div>\n\t\t<\/div>\n\t\t\t\t\t\t<\/div>\n\t\t\t\t<\/div>\n\t\t\t\t\t<\/div>\n\t\t\t\t<\/div>\n\t\t<div class=\"elementor-element elementor-element-0548eb7 e-flex e-con-boxed wpr-particle-no wpr-jarallax-no wpr-parallax-no wpr-equal-height-no e-con e-parent\" data-id=\"0548eb7\" data-element_type=\"container\" data-e-type=\"container\" data-settings=\"{&quot;background_background&quot;:&quot;classic&quot;}\">\n\t\t\t\t\t<div class=\"e-con-inner\">\n\t\t<div class=\"elementor-element elementor-element-8279103 e-con-full e-flex wpr-particle-no wpr-jarallax-no wpr-parallax-no wpr-equal-height-no e-con e-child\" data-id=\"8279103\" data-element_type=\"container\" data-e-type=\"container\">\n\t\t\t\t<div class=\"elementor-element elementor-element-a16337c elementor-widget elementor-widget-image\" data-id=\"a16337c\" data-element_type=\"widget\" data-e-type=\"widget\" data-widget_type=\"image.default\">\n\t\t\t\t<div class=\"elementor-widget-container\">\n\t\t\t\t\t\t\t\t\t\t\t\t\t\t\t<img loading=\"lazy\" decoding=\"async\" width=\"800\" height=\"450\" src=\"https:\/\/b2bdesign.de\/wp-content\/uploads\/2026\/04\/rewe-logos-1024x576.jpg\" class=\"attachment-large size-large wp-image-17206\" alt=\"\" srcset=\"https:\/\/b2bdesign.de\/wp-content\/uploads\/2026\/04\/rewe-logos-1024x576.jpg 1024w, https:\/\/b2bdesign.de\/wp-content\/uploads\/2026\/04\/rewe-logos-300x169.jpg 300w, https:\/\/b2bdesign.de\/wp-content\/uploads\/2026\/04\/rewe-logos-768x432.jpg 768w, https:\/\/b2bdesign.de\/wp-content\/uploads\/2026\/04\/rewe-logos-18x10.jpg 18w, https:\/\/b2bdesign.de\/wp-content\/uploads\/2026\/04\/rewe-logos.jpg 1280w\" sizes=\"(max-width: 800px) 100vw, 800px\" \/>\t\t\t\t\t\t\t\t\t\t\t\t\t\t\t<\/div>\n\t\t\t\t<\/div>\n\t\t\t\t<\/div>\n\t\t<div class=\"elementor-element elementor-element-43184b6 e-con-full e-flex wpr-particle-no wpr-jarallax-no wpr-parallax-no wpr-equal-height-no e-con e-child\" data-id=\"43184b6\" data-element_type=\"container\" data-e-type=\"container\">\n\t\t\t\t<div class=\"elementor-element elementor-element-d8053af elementor-widget elementor-widget-heading\" data-id=\"d8053af\" data-element_type=\"widget\" data-e-type=\"widget\" data-widget_type=\"heading.default\">\n\t\t\t\t<div class=\"elementor-widget-container\">\n\t\t\t\t\t<h2 class=\"elementor-heading-title elementor-size-default\">Bedeutung Logo REWE<\/h2>\t\t\t\t<\/div>\n\t\t\t\t<\/div>\n\t\t\t\t<div class=\"elementor-element elementor-element-05b02b9 elementor-widget elementor-widget-text-editor\" data-id=\"05b02b9\" data-element_type=\"widget\" data-e-type=\"widget\" data-widget_type=\"text-editor.default\">\n\t\t\t\t<div class=\"elementor-widget-container\">\n\t\t\t\t\t\t\t\t\t<p data-start=\"0\" data-end=\"297\">Das Logo von <span class=\"hover:entity-accent entity-underline inline cursor-pointer align-baseline\"><span class=\"whitespace-normal\">REWE<\/span><\/span> ist bewusst schlicht und funktional gestaltet. Es besteht aus dem wei\u00dfen Schriftzug \u201eREWE\u201c auf einem roten, rechteckigen Hintergrund. Auf zus\u00e4tzliche Symbole oder grafische Elemente wird komplett verzichtet \u2013 der Name selbst steht im Mittelpunkt.<\/p><p data-start=\"299\" data-end=\"566\">Die Farbwahl ist dabei klar strategisch: Das kr\u00e4ftige Rot sorgt f\u00fcr Aufmerksamkeit und Energie, w\u00e4hrend die wei\u00dfe Schrift f\u00fcr Klarheit und gute Lesbarkeit steht. Dadurch ist das Logo auch aus der Distanz sofort erkennbar und funktioniert besonders gut im Stra\u00dfenbild.<\/p><p data-start=\"568\" data-end=\"845\">Diese Reduktion passt zur gesamten Markenstrategie von REWE. Statt auf Emotion oder Individualit\u00e4t setzt die Marke auf Konsistenz und Verl\u00e4sslichkeit. Das Logo ist \u00fcberall gleich, leicht anwendbar und perfekt skalierbar \u2013 egal ob an der Filiale, in der App oder in der Werbung.<\/p><p data-start=\"847\" data-end=\"1127\" data-is-last-node=\"\" data-is-only-node=\"\">So entsteht eine Markenwirkung, die weniger durch \u00dcberraschung, sondern durch Klarheit \u00fcberzeugt. Das REWE-Logo ist daher kein verspieltes Design, sondern ein bewusst einfaches System, das vor allem eines leisten soll: schnelle Orientierung und hohe Wiedererkennbarkeit im Alltag.<\/p>\t\t\t\t\t\t\t\t<\/div>\n\t\t\t\t<\/div>\n\t\t\t\t<\/div>\n\t\t\t\t\t<\/div>\n\t\t\t\t<\/div>\n\t\t<div class=\"elementor-element elementor-element-7a62c41 e-flex e-con-boxed wpr-particle-no wpr-jarallax-no wpr-parallax-no wpr-equal-height-no e-con e-parent\" data-id=\"7a62c41\" data-element_type=\"container\" data-e-type=\"container\" data-settings=\"{&quot;background_background&quot;:&quot;classic&quot;}\">\n\t\t\t\t\t<div class=\"e-con-inner\">\n\t\t\t\t<div class=\"elementor-element elementor-element-71c4aad elementor-widget elementor-widget-spacer\" data-id=\"71c4aad\" data-element_type=\"widget\" data-e-type=\"widget\" data-widget_type=\"spacer.default\">\n\t\t\t\t<div class=\"elementor-widget-container\">\n\t\t\t\t\t\t\t<div class=\"elementor-spacer\">\n\t\t\t<div class=\"elementor-spacer-inner\"><\/div>\n\t\t<\/div>\n\t\t\t\t\t\t<\/div>\n\t\t\t\t<\/div>\n\t\t\t\t\t<\/div>\n\t\t\t\t<\/div>\n\t\t<div class=\"elementor-element elementor-element-9fcc092 e-flex e-con-boxed wpr-particle-no wpr-jarallax-no wpr-parallax-no wpr-equal-height-no e-con e-parent\" data-id=\"9fcc092\" data-element_type=\"container\" data-e-type=\"container\" data-settings=\"{&quot;background_background&quot;:&quot;classic&quot;}\">\n\t\t\t\t\t<div class=\"e-con-inner\">\n\t\t<div class=\"elementor-element elementor-element-da68f64 e-con-full e-flex wpr-particle-no wpr-jarallax-no wpr-parallax-no wpr-equal-height-no e-con e-child\" data-id=\"da68f64\" data-element_type=\"container\" data-e-type=\"container\">\n\t\t\t\t<\/div>\n\t\t<div class=\"elementor-element elementor-element-ca74d9a e-con-full e-flex wpr-particle-no wpr-jarallax-no wpr-parallax-no wpr-equal-height-no e-con e-child\" data-id=\"ca74d9a\" data-element_type=\"container\" data-e-type=\"container\">\n\t\t\t\t<div class=\"elementor-element elementor-element-0e58db5 elementor-widget elementor-widget-heading\" data-id=\"0e58db5\" data-element_type=\"widget\" data-e-type=\"widget\" data-widget_type=\"heading.default\">\n\t\t\t\t<div class=\"elementor-widget-container\">\n\t\t\t\t\t<h2 class=\"elementor-heading-title elementor-size-default\">Entwicklung REWE Logo<\/h2>\t\t\t\t<\/div>\n\t\t\t\t<\/div>\n\t\t\t\t<div class=\"elementor-element elementor-element-3591c1c elementor-widget elementor-widget-text-editor\" data-id=\"3591c1c\" data-element_type=\"widget\" data-e-type=\"widget\" data-widget_type=\"text-editor.default\">\n\t\t\t\t<div class=\"elementor-widget-container\">\n\t\t\t\t\t\t\t\t\t<p data-start=\"161\" data-end=\"432\">Urspr\u00fcnglich hatte REWE kein echtes Logo im heutigen Sinne. Der lange, sperrige Name aus der Gr\u00fcndungszeit war rein funktional und nicht f\u00fcr Markenwirkung gedacht. Erst mit der Verk\u00fcrzung auf \u201eREWE\u201c in den 1960er-Jahren entstand die Grundlage f\u00fcr eine visuelle Identit\u00e4t.<\/p><p data-start=\"434\" data-end=\"793\">In den darauffolgenden Jahrzehnten entwickelte sich daraus schrittweise das heutige Erscheinungsbild: eine <strong data-start=\"541\" data-end=\"590\">klare Wortmarke in Wei\u00df auf rotem Hintergrund<\/strong>. Die rote Fl\u00e4che sorgt f\u00fcr Aufmerksamkeit und Energie, w\u00e4hrend die wei\u00dfe Schrift f\u00fcr Lesbarkeit und Einfachheit steht. Anders als bei EDEKA gibt es kein Symbol oder Icon \u2013 der Name selbst ist die Marke.<\/p>\t\t\t\t\t\t\t\t<\/div>\n\t\t\t\t<\/div>\n\t\t\t\t<\/div>\n\t\t\t\t\t<\/div>\n\t\t\t\t<\/div>\n\t\t<div class=\"elementor-element elementor-element-7ee0527 e-flex e-con-boxed wpr-particle-no wpr-jarallax-no wpr-parallax-no wpr-equal-height-no e-con e-parent\" data-id=\"7ee0527\" data-element_type=\"container\" data-e-type=\"container\" data-settings=\"{&quot;background_background&quot;:&quot;classic&quot;}\">\n\t\t\t\t\t<div class=\"e-con-inner\">\n\t\t\t\t<div class=\"elementor-element elementor-element-9335b18 elementor-widget elementor-widget-spacer\" data-id=\"9335b18\" data-element_type=\"widget\" data-e-type=\"widget\" data-widget_type=\"spacer.default\">\n\t\t\t\t<div class=\"elementor-widget-container\">\n\t\t\t\t\t\t\t<div class=\"elementor-spacer\">\n\t\t\t<div class=\"elementor-spacer-inner\"><\/div>\n\t\t<\/div>\n\t\t\t\t\t\t<\/div>\n\t\t\t\t<\/div>\n\t\t\t\t\t<\/div>\n\t\t\t\t<\/div>\n\t\t<div class=\"elementor-element elementor-element-59662c2 e-flex e-con-boxed wpr-particle-no wpr-jarallax-no wpr-parallax-no wpr-equal-height-no e-con e-parent\" data-id=\"59662c2\" data-element_type=\"container\" data-e-type=\"container\" data-settings=\"{&quot;background_background&quot;:&quot;classic&quot;}\">\n\t\t\t\t\t<div class=\"e-con-inner\">\n\t\t\t\t<div class=\"elementor-element elementor-element-4ed866f elementor-widget elementor-widget-spacer\" data-id=\"4ed866f\" data-element_type=\"widget\" data-e-type=\"widget\" data-widget_type=\"spacer.default\">\n\t\t\t\t<div class=\"elementor-widget-container\">\n\t\t\t\t\t\t\t<div class=\"elementor-spacer\">\n\t\t\t<div class=\"elementor-spacer-inner\"><\/div>\n\t\t<\/div>\n\t\t\t\t\t\t<\/div>\n\t\t\t\t<\/div>\n\t\t\t\t\t<\/div>\n\t\t\t\t<\/div>\n\t\t<div class=\"elementor-element elementor-element-b179509 e-flex e-con-boxed wpr-particle-no wpr-jarallax-no wpr-parallax-no wpr-equal-height-no e-con e-parent\" data-id=\"b179509\" data-element_type=\"container\" data-e-type=\"container\">\n\t\t\t\t\t<div class=\"e-con-inner\">\n\t\t\t\t<div class=\"elementor-element elementor-element-724421d elementor-widget__width-initial elementor-widget elementor-widget-text-editor\" data-id=\"724421d\" data-element_type=\"widget\" data-e-type=\"widget\" data-widget_type=\"text-editor.default\">\n\t\t\t\t<div class=\"elementor-widget-container\">\n\t\t\t\t\t\t\t\t\t<h3>Fazit<\/h3><p data-start=\"0\" data-end=\"542\">Im direkten Marken-Kampf zwischen <span class=\"hover:entity-accent entity-underline inline cursor-pointer align-baseline\"><span class=\"whitespace-normal\">EDEKA<\/span><\/span> und <span class=\"hover:entity-accent entity-underline inline cursor-pointer align-baseline\"><span class=\"whitespace-normal\">REWE<\/span><\/span> treffen zwei v\u00f6llig unterschiedliche Strategien aufeinander. EDEKA geht mit Emotion, Pers\u00f6nlichkeit und starken Geschichten in den Ring. Die Marke wirkt nahbar, oft individuell und bleibt genau deshalb im Kopf. REWE hingegen setzt auf Struktur, Konsistenz und ein System, das zuverl\u00e4ssig funktioniert. Hier steht weniger das Erlebnis im Vordergrund, sondern die klare Orientierung und ein Einkauf, der einfach reibungslos l\u00e4uft.<\/p><p data-start=\"544\" data-end=\"773\">Runde f\u00fcr Runde wird deutlich: EDEKA punktet \u00fcber Gef\u00fchl und Erinnerbarkeit, w\u00e4hrend REWE mit Klarheit und Effizienz kontert. Doch am Ende entscheidet im Markenaufbau nicht nur, wer besser funktioniert, sondern wer st\u00e4rker wirkt.<\/p><p data-start=\"775\" data-end=\"1041\" data-is-last-node=\"\" data-is-only-node=\"\">Der Sieger in diesem Duell ist daher <span class=\"hover:entity-accent entity-underline inline cursor-pointer align-baseline\"><span class=\"whitespace-normal\">EDEKA<\/span><\/span>. Nicht, weil die Marke objektiv besser ist, sondern weil sie es schafft, emotional st\u00e4rker zu binden und l\u00e4nger im Kopf zu bleiben \u2013 und genau das ist im Wettbewerb der entscheidende Vorteil.<\/p>\t\t\t\t\t\t\t\t<\/div>\n\t\t\t\t<\/div>\n\t\t\t\t<div class=\"elementor-element elementor-element-4096c70 elementor-widget elementor-widget-spacer\" data-id=\"4096c70\" data-element_type=\"widget\" data-e-type=\"widget\" data-widget_type=\"spacer.default\">\n\t\t\t\t<div class=\"elementor-widget-container\">\n\t\t\t\t\t\t\t<div class=\"elementor-spacer\">\n\t\t\t<div class=\"elementor-spacer-inner\"><\/div>\n\t\t<\/div>\n\t\t\t\t\t\t<\/div>\n\t\t\t\t<\/div>\n\t\t\t\t\t<\/div>\n\t\t\t\t<\/div>\n\t\t<div class=\"elementor-element elementor-element-af80c24 e-flex e-con-boxed wpr-particle-no wpr-jarallax-no wpr-parallax-no wpr-equal-height-no e-con e-parent\" data-id=\"af80c24\" data-element_type=\"container\" data-e-type=\"container\">\n\t\t\t\t\t<div class=\"e-con-inner\">\n\t\t\t\t<div class=\"elementor-element elementor-element-d112156 elementor-widget elementor-widget-spacer\" data-id=\"d112156\" data-element_type=\"widget\" data-e-type=\"widget\" data-widget_type=\"spacer.default\">\n\t\t\t\t<div class=\"elementor-widget-container\">\n\t\t\t\t\t\t\t<div class=\"elementor-spacer\">\n\t\t\t<div class=\"elementor-spacer-inner\"><\/div>\n\t\t<\/div>\n\t\t\t\t\t\t<\/div>\n\t\t\t\t<\/div>\n\t\t\t\t\t<\/div>\n\t\t\t\t<\/div>\n\t\t\t\t<\/div>\n\t\t","protected":false},"excerpt":{"rendered":"<p>REWE vs. EDEKA\u2013 Wer gewinnt den Supermarkt-Kampf?<\/p>\n<p>Im direkten Marken-Duell zwischen EDEKA und REWE prallen zwei v\u00f6llig unterschiedliche Strategien aufeinander.<\/p>\n<p>EDEKA k\u00e4mpft mit Emotion, Pers\u00f6nlichkeit und Erlebnis. Jeder Markt f\u00fchlt sich anders an, oft n\u00e4her, oft \u201eeigener\u201c. Die Marke bleibt h\u00e4ngen, weil sie nicht perfekt ist \u2013 sondern menschlich. Das ist ihre gr\u00f6\u00dfte Waffe: Erinnerbarkeit durch Charakter.<\/p>","protected":false},"author":2,"featured_media":17229,"comment_status":"closed","ping_status":"open","sticky":false,"template":"","format":"standard","meta":{"content-type":"","footnotes":""},"categories":[5],"tags":[],"class_list":["post-17190","post","type-post","status-publish","format-standard","has-post-thumbnail","hentry","category-good-to-know"],"yoast_head":"<!-- This site is optimized with the Yoast SEO plugin v27.4 - https:\/\/yoast.com\/product\/yoast-seo-wordpress\/ -->\n<title>REWE vs. EDEKA - b2b design Werbe- und Marketing Agentur<\/title>\n<meta name=\"robots\" content=\"index, follow, max-snippet:-1, max-image-preview:large, max-video-preview:-1\" \/>\n<link rel=\"canonical\" href=\"https:\/\/b2bdesign.de\/en\/rewe-vs-edeka\/\" \/>\n<meta property=\"og:locale\" content=\"en_GB\" \/>\n<meta property=\"og:type\" content=\"article\" \/>\n<meta property=\"og:title\" content=\"REWE vs. EDEKA - b2b design Werbe- und Marketing Agentur\" \/>\n<meta property=\"og:description\" content=\"REWE vs. EDEKA\u2013 Wer gewinnt den Supermarkt-Kampf? Im direkten Marken-Duell zwischen EDEKA und REWE prallen zwei v\u00f6llig unterschiedliche Strategien aufeinander. EDEKA k\u00e4mpft mit Emotion, Pers\u00f6nlichkeit und Erlebnis. Jeder Markt f\u00fchlt sich anders an, oft n\u00e4her, oft \u201eeigener\u201c. Die Marke bleibt h\u00e4ngen, weil sie nicht perfekt ist \u2013 sondern menschlich. Das ist ihre gr\u00f6\u00dfte Waffe: Erinnerbarkeit durch Charakter.\" \/>\n<meta property=\"og:url\" content=\"https:\/\/b2bdesign.de\/en\/rewe-vs-edeka\/\" \/>\n<meta property=\"og:site_name\" content=\"b2b design Werbe- und Marketing Agentur\" \/>\n<meta property=\"article:published_time\" content=\"2026-04-14T11:04:37+00:00\" \/>\n<meta property=\"article:modified_time\" content=\"2026-04-22T09:58:21+00:00\" \/>\n<meta property=\"og:image\" content=\"https:\/\/b2bdesign.de\/wp-content\/uploads\/2026\/04\/edeka-vs-rewe-1.jpg\" \/>\n\t<meta property=\"og:image:width\" content=\"1280\" \/>\n\t<meta property=\"og:image:height\" content=\"720\" \/>\n\t<meta property=\"og:image:type\" content=\"image\/jpeg\" \/>\n<meta name=\"author\" content=\"Ulli Hantke\" \/>\n<meta name=\"twitter:card\" content=\"summary_large_image\" \/>\n<meta name=\"twitter:label1\" content=\"Written by\" \/>\n\t<meta name=\"twitter:data1\" content=\"Ulli Hantke\" \/>\n\t<meta name=\"twitter:label2\" content=\"Estimated reading time\" \/>\n\t<meta name=\"twitter:data2\" content=\"10 minutes\" \/>\n<script type=\"application\/ld+json\" class=\"yoast-schema-graph\">{\"@context\":\"https:\\\/\\\/schema.org\",\"@graph\":[{\"@type\":\"Article\",\"@id\":\"https:\\\/\\\/b2bdesign.de\\\/rewe-vs-edeka\\\/#article\",\"isPartOf\":{\"@id\":\"https:\\\/\\\/b2bdesign.de\\\/rewe-vs-edeka\\\/\"},\"author\":{\"name\":\"Ulli Hantke\",\"@id\":\"https:\\\/\\\/b2bdesign.de\\\/#\\\/schema\\\/person\\\/4e253a19c089ade4d87ba8c17b9dc644\"},\"headline\":\"REWE vs. EDEKA\",\"datePublished\":\"2026-04-14T11:04:37+00:00\",\"dateModified\":\"2026-04-22T09:58:21+00:00\",\"mainEntityOfPage\":{\"@id\":\"https:\\\/\\\/b2bdesign.de\\\/rewe-vs-edeka\\\/\"},\"wordCount\":1605,\"publisher\":{\"@id\":\"https:\\\/\\\/b2bdesign.de\\\/#organization\"},\"image\":{\"@id\":\"https:\\\/\\\/b2bdesign.de\\\/rewe-vs-edeka\\\/#primaryimage\"},\"thumbnailUrl\":\"https:\\\/\\\/b2bdesign.de\\\/wp-content\\\/uploads\\\/2026\\\/04\\\/edeka-vs-rewe-1.jpg\",\"articleSection\":[\"Good to know\"],\"inLanguage\":\"en-GB\"},{\"@type\":\"WebPage\",\"@id\":\"https:\\\/\\\/b2bdesign.de\\\/rewe-vs-edeka\\\/\",\"url\":\"https:\\\/\\\/b2bdesign.de\\\/rewe-vs-edeka\\\/\",\"name\":\"REWE vs. EDEKA - b2b design Werbe- und Marketing Agentur\",\"isPartOf\":{\"@id\":\"https:\\\/\\\/b2bdesign.de\\\/#website\"},\"primaryImageOfPage\":{\"@id\":\"https:\\\/\\\/b2bdesign.de\\\/rewe-vs-edeka\\\/#primaryimage\"},\"image\":{\"@id\":\"https:\\\/\\\/b2bdesign.de\\\/rewe-vs-edeka\\\/#primaryimage\"},\"thumbnailUrl\":\"https:\\\/\\\/b2bdesign.de\\\/wp-content\\\/uploads\\\/2026\\\/04\\\/edeka-vs-rewe-1.jpg\",\"datePublished\":\"2026-04-14T11:04:37+00:00\",\"dateModified\":\"2026-04-22T09:58:21+00:00\",\"breadcrumb\":{\"@id\":\"https:\\\/\\\/b2bdesign.de\\\/rewe-vs-edeka\\\/#breadcrumb\"},\"inLanguage\":\"en-GB\",\"potentialAction\":[{\"@type\":\"ReadAction\",\"target\":[\"https:\\\/\\\/b2bdesign.de\\\/rewe-vs-edeka\\\/\"]}]},{\"@type\":\"ImageObject\",\"inLanguage\":\"en-GB\",\"@id\":\"https:\\\/\\\/b2bdesign.de\\\/rewe-vs-edeka\\\/#primaryimage\",\"url\":\"https:\\\/\\\/b2bdesign.de\\\/wp-content\\\/uploads\\\/2026\\\/04\\\/edeka-vs-rewe-1.jpg\",\"contentUrl\":\"https:\\\/\\\/b2bdesign.de\\\/wp-content\\\/uploads\\\/2026\\\/04\\\/edeka-vs-rewe-1.jpg\",\"width\":1280,\"height\":720},{\"@type\":\"BreadcrumbList\",\"@id\":\"https:\\\/\\\/b2bdesign.de\\\/rewe-vs-edeka\\\/#breadcrumb\",\"itemListElement\":[{\"@type\":\"ListItem\",\"position\":1,\"name\":\"Startseite\",\"item\":\"https:\\\/\\\/b2bdesign.de\\\/\"},{\"@type\":\"ListItem\",\"position\":2,\"name\":\"REWE vs. EDEKA\"}]},{\"@type\":\"WebSite\",\"@id\":\"https:\\\/\\\/b2bdesign.de\\\/#website\",\"url\":\"https:\\\/\\\/b2bdesign.de\\\/\",\"name\":\"b2b design Werbe- und Marketing Agentur\",\"description\":\"\",\"publisher\":{\"@id\":\"https:\\\/\\\/b2bdesign.de\\\/#organization\"},\"potentialAction\":[{\"@type\":\"SearchAction\",\"target\":{\"@type\":\"EntryPoint\",\"urlTemplate\":\"https:\\\/\\\/b2bdesign.de\\\/?s={search_term_string}\"},\"query-input\":{\"@type\":\"PropertyValueSpecification\",\"valueRequired\":true,\"valueName\":\"search_term_string\"}}],\"inLanguage\":\"en-GB\"},{\"@type\":\"Organization\",\"@id\":\"https:\\\/\\\/b2bdesign.de\\\/#organization\",\"name\":\"b2b design e.K.\",\"url\":\"https:\\\/\\\/b2bdesign.de\\\/\",\"logo\":{\"@type\":\"ImageObject\",\"inLanguage\":\"en-GB\",\"@id\":\"https:\\\/\\\/b2bdesign.de\\\/#\\\/schema\\\/logo\\\/image\\\/\",\"url\":\"https:\\\/\\\/b2bdesign.de\\\/wp-content\\\/uploads\\\/2023\\\/10\\\/b2b-design-logo-webseite-1.svg\",\"contentUrl\":\"https:\\\/\\\/b2bdesign.de\\\/wp-content\\\/uploads\\\/2023\\\/10\\\/b2b-design-logo-webseite-1.svg\",\"width\":100,\"height\":350,\"caption\":\"b2b design e.K.\"},\"image\":{\"@id\":\"https:\\\/\\\/b2bdesign.de\\\/#\\\/schema\\\/logo\\\/image\\\/\"},\"sameAs\":[\"https:\\\/\\\/www.linkedin.com\\\/company\\\/b2b-design\",\"https:\\\/\\\/www.instagram.com\\\/b2bdesign2017\\\/\",\"https:\\\/\\\/www.youtube.com\\\/channel\\\/UCOyMQ8GywgDAvFhodpaJk7Q\"]},{\"@type\":\"Person\",\"@id\":\"https:\\\/\\\/b2bdesign.de\\\/#\\\/schema\\\/person\\\/4e253a19c089ade4d87ba8c17b9dc644\",\"name\":\"Ulli Hantke\",\"image\":{\"@type\":\"ImageObject\",\"inLanguage\":\"en-GB\",\"@id\":\"https:\\\/\\\/secure.gravatar.com\\\/avatar\\\/c7c10e378288efef8cd5251a85dd685ee03c3c37a38567336fef3a44fbdb3cde?s=96&d=mm&r=g\",\"url\":\"https:\\\/\\\/secure.gravatar.com\\\/avatar\\\/c7c10e378288efef8cd5251a85dd685ee03c3c37a38567336fef3a44fbdb3cde?s=96&d=mm&r=g\",\"contentUrl\":\"https:\\\/\\\/secure.gravatar.com\\\/avatar\\\/c7c10e378288efef8cd5251a85dd685ee03c3c37a38567336fef3a44fbdb3cde?s=96&d=mm&r=g\",\"caption\":\"Ulli Hantke\"},\"url\":\"https:\\\/\\\/b2bdesign.de\\\/en\\\/author\\\/ulli\\\/\"}]}<\/script>\n<!-- \/ Yoast SEO plugin. -->","yoast_head_json":{"title":"REWE vs. EDEKA - b2b design Werbe- und Marketing Agentur","robots":{"index":"index","follow":"follow","max-snippet":"max-snippet:-1","max-image-preview":"max-image-preview:large","max-video-preview":"max-video-preview:-1"},"canonical":"https:\/\/b2bdesign.de\/en\/rewe-vs-edeka\/","og_locale":"en_GB","og_type":"article","og_title":"REWE vs. EDEKA - b2b design Werbe- und Marketing Agentur","og_description":"REWE vs. EDEKA\u2013 Wer gewinnt den Supermarkt-Kampf? Im direkten Marken-Duell zwischen EDEKA und REWE prallen zwei v\u00f6llig unterschiedliche Strategien aufeinander. EDEKA k\u00e4mpft mit Emotion, Pers\u00f6nlichkeit und Erlebnis. Jeder Markt f\u00fchlt sich anders an, oft n\u00e4her, oft \u201eeigener\u201c. Die Marke bleibt h\u00e4ngen, weil sie nicht perfekt ist \u2013 sondern menschlich. Das ist ihre gr\u00f6\u00dfte Waffe: Erinnerbarkeit durch Charakter.","og_url":"https:\/\/b2bdesign.de\/en\/rewe-vs-edeka\/","og_site_name":"b2b design Werbe- und Marketing Agentur","article_published_time":"2026-04-14T11:04:37+00:00","article_modified_time":"2026-04-22T09:58:21+00:00","og_image":[{"width":1280,"height":720,"url":"https:\/\/b2bdesign.de\/wp-content\/uploads\/2026\/04\/edeka-vs-rewe-1.jpg","type":"image\/jpeg"}],"author":"Ulli Hantke","twitter_card":"summary_large_image","twitter_misc":{"Written by":"Ulli Hantke","Estimated reading time":"10 minutes"},"schema":{"@context":"https:\/\/schema.org","@graph":[{"@type":"Article","@id":"https:\/\/b2bdesign.de\/rewe-vs-edeka\/#article","isPartOf":{"@id":"https:\/\/b2bdesign.de\/rewe-vs-edeka\/"},"author":{"name":"Ulli Hantke","@id":"https:\/\/b2bdesign.de\/#\/schema\/person\/4e253a19c089ade4d87ba8c17b9dc644"},"headline":"REWE vs. EDEKA","datePublished":"2026-04-14T11:04:37+00:00","dateModified":"2026-04-22T09:58:21+00:00","mainEntityOfPage":{"@id":"https:\/\/b2bdesign.de\/rewe-vs-edeka\/"},"wordCount":1605,"publisher":{"@id":"https:\/\/b2bdesign.de\/#organization"},"image":{"@id":"https:\/\/b2bdesign.de\/rewe-vs-edeka\/#primaryimage"},"thumbnailUrl":"https:\/\/b2bdesign.de\/wp-content\/uploads\/2026\/04\/edeka-vs-rewe-1.jpg","articleSection":["Good to know"],"inLanguage":"en-GB"},{"@type":"WebPage","@id":"https:\/\/b2bdesign.de\/rewe-vs-edeka\/","url":"https:\/\/b2bdesign.de\/rewe-vs-edeka\/","name":"REWE vs. EDEKA - b2b design Werbe- und Marketing Agentur","isPartOf":{"@id":"https:\/\/b2bdesign.de\/#website"},"primaryImageOfPage":{"@id":"https:\/\/b2bdesign.de\/rewe-vs-edeka\/#primaryimage"},"image":{"@id":"https:\/\/b2bdesign.de\/rewe-vs-edeka\/#primaryimage"},"thumbnailUrl":"https:\/\/b2bdesign.de\/wp-content\/uploads\/2026\/04\/edeka-vs-rewe-1.jpg","datePublished":"2026-04-14T11:04:37+00:00","dateModified":"2026-04-22T09:58:21+00:00","breadcrumb":{"@id":"https:\/\/b2bdesign.de\/rewe-vs-edeka\/#breadcrumb"},"inLanguage":"en-GB","potentialAction":[{"@type":"ReadAction","target":["https:\/\/b2bdesign.de\/rewe-vs-edeka\/"]}]},{"@type":"ImageObject","inLanguage":"en-GB","@id":"https:\/\/b2bdesign.de\/rewe-vs-edeka\/#primaryimage","url":"https:\/\/b2bdesign.de\/wp-content\/uploads\/2026\/04\/edeka-vs-rewe-1.jpg","contentUrl":"https:\/\/b2bdesign.de\/wp-content\/uploads\/2026\/04\/edeka-vs-rewe-1.jpg","width":1280,"height":720},{"@type":"BreadcrumbList","@id":"https:\/\/b2bdesign.de\/rewe-vs-edeka\/#breadcrumb","itemListElement":[{"@type":"ListItem","position":1,"name":"Startseite","item":"https:\/\/b2bdesign.de\/"},{"@type":"ListItem","position":2,"name":"REWE vs. EDEKA"}]},{"@type":"WebSite","@id":"https:\/\/b2bdesign.de\/#website","url":"https:\/\/b2bdesign.de\/","name":"b2b design Werbe- und Marketing Agentur","description":"","publisher":{"@id":"https:\/\/b2bdesign.de\/#organization"},"potentialAction":[{"@type":"SearchAction","target":{"@type":"EntryPoint","urlTemplate":"https:\/\/b2bdesign.de\/?s={search_term_string}"},"query-input":{"@type":"PropertyValueSpecification","valueRequired":true,"valueName":"search_term_string"}}],"inLanguage":"en-GB"},{"@type":"Organization","@id":"https:\/\/b2bdesign.de\/#organization","name":"b2b design e.K.","url":"https:\/\/b2bdesign.de\/","logo":{"@type":"ImageObject","inLanguage":"en-GB","@id":"https:\/\/b2bdesign.de\/#\/schema\/logo\/image\/","url":"https:\/\/b2bdesign.de\/wp-content\/uploads\/2023\/10\/b2b-design-logo-webseite-1.svg","contentUrl":"https:\/\/b2bdesign.de\/wp-content\/uploads\/2023\/10\/b2b-design-logo-webseite-1.svg","width":100,"height":350,"caption":"b2b design e.K."},"image":{"@id":"https:\/\/b2bdesign.de\/#\/schema\/logo\/image\/"},"sameAs":["https:\/\/www.linkedin.com\/company\/b2b-design","https:\/\/www.instagram.com\/b2bdesign2017\/","https:\/\/www.youtube.com\/channel\/UCOyMQ8GywgDAvFhodpaJk7Q"]},{"@type":"Person","@id":"https:\/\/b2bdesign.de\/#\/schema\/person\/4e253a19c089ade4d87ba8c17b9dc644","name":"Ulli Hantke","image":{"@type":"ImageObject","inLanguage":"en-GB","@id":"https:\/\/secure.gravatar.com\/avatar\/c7c10e378288efef8cd5251a85dd685ee03c3c37a38567336fef3a44fbdb3cde?s=96&d=mm&r=g","url":"https:\/\/secure.gravatar.com\/avatar\/c7c10e378288efef8cd5251a85dd685ee03c3c37a38567336fef3a44fbdb3cde?s=96&d=mm&r=g","contentUrl":"https:\/\/secure.gravatar.com\/avatar\/c7c10e378288efef8cd5251a85dd685ee03c3c37a38567336fef3a44fbdb3cde?s=96&d=mm&r=g","caption":"Ulli Hantke"},"url":"https:\/\/b2bdesign.de\/en\/author\/ulli\/"}]}},"_links":{"self":[{"href":"https:\/\/b2bdesign.de\/en\/wp-json\/wp\/v2\/posts\/17190","targetHints":{"allow":["GET"]}}],"collection":[{"href":"https:\/\/b2bdesign.de\/en\/wp-json\/wp\/v2\/posts"}],"about":[{"href":"https:\/\/b2bdesign.de\/en\/wp-json\/wp\/v2\/types\/post"}],"author":[{"embeddable":true,"href":"https:\/\/b2bdesign.de\/en\/wp-json\/wp\/v2\/users\/2"}],"replies":[{"embeddable":true,"href":"https:\/\/b2bdesign.de\/en\/wp-json\/wp\/v2\/comments?post=17190"}],"version-history":[{"count":46,"href":"https:\/\/b2bdesign.de\/en\/wp-json\/wp\/v2\/posts\/17190\/revisions"}],"predecessor-version":[{"id":17402,"href":"https:\/\/b2bdesign.de\/en\/wp-json\/wp\/v2\/posts\/17190\/revisions\/17402"}],"wp:featuredmedia":[{"embeddable":true,"href":"https:\/\/b2bdesign.de\/en\/wp-json\/wp\/v2\/media\/17229"}],"wp:attachment":[{"href":"https:\/\/b2bdesign.de\/en\/wp-json\/wp\/v2\/media?parent=17190"}],"wp:term":[{"taxonomy":"category","embeddable":true,"href":"https:\/\/b2bdesign.de\/en\/wp-json\/wp\/v2\/categories?post=17190"},{"taxonomy":"post_tag","embeddable":true,"href":"https:\/\/b2bdesign.de\/en\/wp-json\/wp\/v2\/tags?post=17190"}],"curies":[{"name":"wp","href":"https:\/\/api.w.org\/{rel}","templated":true}]}}