{"id":12926,"date":"2025-06-24T05:19:13","date_gmt":"2025-06-24T05:19:13","guid":{"rendered":"https:\/\/b2bdesign.de\/?p=12926"},"modified":"2025-06-24T08:12:41","modified_gmt":"2025-06-24T08:12:41","slug":"markus-besenbeck","status":"publish","type":"post","link":"https:\/\/b2bdesign.de\/en\/markus-besenbeck\/","title":{"rendered":"Nachruf Markus Besenbeck"},"content":{"rendered":"<div data-elementor-type=\"wp-post\" data-elementor-id=\"12926\" class=\"elementor elementor-12926\" data-elementor-post-type=\"post\">\n\t\t\t\t<div class=\"elementor-element elementor-element-5bb513a8 e-flex e-con-boxed wpr-particle-no wpr-jarallax-no wpr-parallax-no wpr-equal-height-no e-con e-parent\" data-id=\"5bb513a8\" data-element_type=\"container\" data-e-type=\"container\" data-settings=\"{&quot;background_background&quot;:&quot;classic&quot;}\">\n\t\t\t\t\t<div class=\"e-con-inner\">\n\t\t\t\t<div class=\"elementor-element elementor-element-47446478 premium-nav-slide premium-hidden-icon-yes premium-disable-scroll-yes elementor-fixed elementor-widget-mobile__width-initial elementor-widget__width-initial elementor-hidden-widescreen elementor-hidden-desktop elementor-hidden-tablet_extra elementor-hidden-tablet elementor-hidden-mobile premium-slide-auto elementor-widget elementor-widget-global elementor-global-2040 elementor-widget-premium-nav-menu\" data-id=\"47446478\" data-element_type=\"widget\" data-e-type=\"widget\" data-settings=\"{&quot;_position&quot;:&quot;fixed&quot;,&quot;submenu_icon&quot;:{&quot;value&quot;:&quot;fas fa-angle-down&quot;,&quot;library&quot;:&quot;fa-solid&quot;},&quot;submenu_item_icon&quot;:{&quot;value&quot;:&quot;&quot;,&quot;library&quot;:&quot;&quot;}}\" data-widget_type=\"premium-nav-menu.default\">\n\t\t\t\t<div class=\"elementor-widget-container\">\n\t\t\t\t\t\t\t<div data-settings=\"{&quot;breakpoint&quot;:0,&quot;mobileLayout&quot;:null,&quot;mainLayout&quot;:&quot;slide&quot;,&quot;stretchDropdown&quot;:false,&quot;hoverEffect&quot;:&quot;&quot;,&quot;submenuEvent&quot;:null,&quot;submenuTrigger&quot;:&quot;item&quot;,&quot;closeAfterClick&quot;:true,&quot;renderMobileMenu&quot;:true}\" class=\"premium-nav-widget-container premium-nav-pointer-none\" style=\"visibility:hidden; opacity:0;\">\n\t\t\t<div class=\"premium-ver-inner-container\">\n\t\t\t\t\t\t\t\t\t<div class=\"premium-hamburger-toggle premium-mobile-menu-icon\" role=\"button\" aria-label=\"Toggle Menu\">\n\t\t\t\t\t\t<span class=\"premium-toggle-text\">\n\t\t\t\t\t\t\t<i aria-hidden=\"true\" class=\"fas fa-bars\"><\/i>\t\t\t\t\t\t<\/span>\n\t\t\t\t\t\t<span class=\"premium-toggle-close\">\n\t\t\t\t\t\t\t<i aria-hidden=\"true\" class=\"fas fa-times\"><\/i>\t\t\t\t\t\t<\/span>\n\t\t\t\t\t<\/div>\n\t\t\t\t\t\t\t\t\t\t<div class=\"premium-nav-slide-overlay\"><\/div>\n\t\t\t\t\t<div class=\"premium-mobile-menu-outer-container\">\n\t\t\t\t\t\t<div class=\"premium-mobile-menu-close\" role=\"button\" aria-label=\"Close Menu\">\n\t\t\t\t\t\t\t<i aria-hidden=\"true\" class=\"fas fa-times\"><\/i>\t\t\t\t\t\t\t<span class=\"premium-toggle-close\"><\/span>\n\t\t\t\t\t\t<\/div>\n\t\t\t\t\t\t\t\t\t\t\t\t<div class=\"premium-mobile-menu-container\">\n\t\t\t\t\t\t\t\t\t\t\t\t\t\t\t<ul id=\"menu-hauptmenue-1\" class=\"premium-mobile-menu premium-main-mobile-menu premium-main-nav-menu\"><li id=\"premium-nav-menu-item-80321\" class=\"menu-item menu-item-type-post_type menu-item-object-page premium-nav-menu-item\"><a href=\"https:\/\/b2bdesign.de\/en\/leistungen\/\" class=\"premium-menu-link premium-menu-link-parent premium-lq__none\">Unsere Leistungen<\/a><\/li>\n<li id=\"premium-nav-menu-item-10142\" class=\"menu-item menu-item-type-post_type menu-item-object-page premium-nav-menu-item\"><a href=\"https:\/\/b2bdesign.de\/en\/about-us-alt\/\" class=\"premium-menu-link premium-menu-link-parent premium-lq__none\">Das ist b2b design<\/a><\/li>\n<li id=\"premium-nav-menu-item-18643\" class=\"menu-item menu-item-type-post_type menu-item-object-page premium-nav-menu-item\"><a href=\"https:\/\/b2bdesign.de\/en\/unsere-projekte\/\" class=\"premium-menu-link premium-menu-link-parent premium-lq__none\">Erfolgsgeschichten<\/a><\/li>\n<li id=\"premium-nav-menu-item-14594\" class=\"menu-item menu-item-type-post_type menu-item-object-page premium-nav-menu-item\"><a href=\"https:\/\/b2bdesign.de\/en\/kontakt\/\" class=\"premium-menu-link premium-menu-link-parent premium-lq__none\">\u270b Sag uns Hallo!<\/a><\/li>\n<\/ul>\t\t\t\t\t\t\t\t\t\t\t\t\t\t<\/div>\n\t\t\t\t\t\t<\/div>\t\t\t\t<\/div>\n\t\t\t<\/div>\n\t\t\t\t\t\t\t<\/div>\n\t\t\t\t<\/div>\n\t\t\t\t<div class=\"elementor-element elementor-element-227f7092 elementor-headline--style-highlight elementor-widget elementor-widget-animated-headline\" data-id=\"227f7092\" data-element_type=\"widget\" data-e-type=\"widget\" data-settings=\"{&quot;marker&quot;:&quot;underline_zigzag&quot;,&quot;highlighted_text&quot;:&quot;news for thee&quot;,&quot;headline_style&quot;:&quot;highlight&quot;,&quot;loop&quot;:&quot;yes&quot;,&quot;highlight_animation_duration&quot;:1200,&quot;highlight_iteration_delay&quot;:8000}\" data-widget_type=\"animated-headline.default\">\n\t\t\t\t<div class=\"elementor-widget-container\">\n\t\t\t\t\t\t\t<h3 class=\"elementor-headline\">\n\t\t\t\t\t<span class=\"elementor-headline-plain-text elementor-headline-text-wrapper\">b2b - <\/span>\n\t\t\t\t<span class=\"elementor-headline-dynamic-wrapper elementor-headline-text-wrapper\">\n\t\t\t\t\t<span class=\"elementor-headline-dynamic-text elementor-headline-text-active\">news for thee<\/span>\n\t\t\t\t<\/span>\n\t\t\t\t<\/h3>\n\t\t\t\t\t\t<\/div>\n\t\t\t\t<\/div>\n\t\t\t\t\t<\/div>\n\t\t\t\t<\/div>\n\t\t<div class=\"elementor-element elementor-element-821e5e4 e-flex e-con-boxed wpr-particle-no wpr-jarallax-no wpr-parallax-no wpr-equal-height-no e-con e-parent\" data-id=\"821e5e4\" data-element_type=\"container\" data-e-type=\"container\">\n\t\t\t\t\t<div class=\"e-con-inner\">\n\t\t\t\t<div class=\"elementor-element elementor-element-959262d elementor-widget elementor-widget-global elementor-global-2367 elementor-widget-breadcrumbs\" data-id=\"959262d\" data-element_type=\"widget\" data-e-type=\"widget\" data-widget_type=\"breadcrumbs.default\">\n\t\t\t\t<div class=\"elementor-widget-container\">\n\t\t\t\t\t<p id=\"breadcrumbs\"><span><span><a href=\"https:\/\/b2bdesign.de\/\">Startseite<\/a><\/span><\/span><\/p>\t\t\t\t<\/div>\n\t\t\t\t<\/div>\n\t\t\t\t<div class=\"elementor-element elementor-element-3e9bd4ba elementor-widget elementor-widget-spacer\" data-id=\"3e9bd4ba\" data-element_type=\"widget\" data-e-type=\"widget\" data-widget_type=\"spacer.default\">\n\t\t\t\t<div class=\"elementor-widget-container\">\n\t\t\t\t\t\t\t<div class=\"elementor-spacer\">\n\t\t\t<div class=\"elementor-spacer-inner\"><\/div>\n\t\t<\/div>\n\t\t\t\t\t\t<\/div>\n\t\t\t\t<\/div>\n\t\t\t\t\t<\/div>\n\t\t\t\t<\/div>\n\t\t<div class=\"elementor-element elementor-element-5e7f9bd1 e-flex e-con-boxed wpr-particle-no wpr-jarallax-no wpr-parallax-no wpr-equal-height-no e-con e-parent\" data-id=\"5e7f9bd1\" data-element_type=\"container\" data-e-type=\"container\">\n\t\t\t\t\t<div class=\"e-con-inner\">\n\t\t<div class=\"elementor-element elementor-element-90a57ed e-con-full e-flex wpr-particle-no wpr-jarallax-no wpr-parallax-no wpr-equal-height-no e-con e-child\" data-id=\"90a57ed\" data-element_type=\"container\" data-e-type=\"container\">\n\t\t\t\t<div class=\"elementor-element elementor-element-25964326 elementor-widget elementor-widget-wpr-post-title\" data-id=\"25964326\" data-element_type=\"widget\" data-e-type=\"widget\" data-widget_type=\"wpr-post-title.default\">\n\t\t\t\t<div class=\"elementor-widget-container\">\n\t\t\t\t\t<h1 class=\"wpr-post-title\">Nachruf Markus Besenbeck<\/h1>\t\t\t\t<\/div>\n\t\t\t\t<\/div>\n\t\t\t\t<div class=\"elementor-element elementor-element-508380a9 wpr-post-info-align-left elementor-widget elementor-widget-wpr-post-info\" data-id=\"508380a9\" data-element_type=\"widget\" data-e-type=\"widget\" data-widget_type=\"wpr-post-info.default\">\n\t\t\t\t<div class=\"elementor-widget-container\">\n\t\t\t\t\t<ul class=\"wpr-post-info wpr-post-info-vertical\"><li class=\"wpr-post-info-taxonomy\"><a href=\"https:\/\/b2bdesign.de\/en\/category\/news-aus-der-agentur\/\">News aus der Agentur<\/a><\/li><li class=\"wpr-post-info-date\"><span>June 24, 2025<\/span><\/li><\/ul>\t\t\t\t<\/div>\n\t\t\t\t<\/div>\n\t\t\t\t<div class=\"elementor-element elementor-element-512f0549 elementor-widget elementor-widget-text-editor\" data-id=\"512f0549\" data-element_type=\"widget\" data-e-type=\"widget\" data-widget_type=\"text-editor.default\">\n\t\t\t\t<div class=\"elementor-widget-container\">\n\t\t\t\t\t\t\t\t\t<p>Nachruf auf Prof. Dr. Markus Besenbeck<br \/>Wir bei\u00a0b2b design\u00a0erinnern uns mit gro\u00dfer Wertsch\u00e4tzung an Prof. Dr. Markus Besenbeck.<br \/><br \/>Er brannte f\u00fcr seine Themen \u2013 insbesondere f\u00fcr modernes Marketing auf Plattformen wie TikTok und Instagram. Seine Leidenschaft, sein Weitblick und seine sympathische, charmante Art machten ihn zu einem Menschen, den man sofort mochte und der inspiriert hat.<br \/><br \/>Es war uns eine gro\u00dfe Ehre, ihn als Juror f\u00fcr den ersten\u00a0newbie design award\u00a0gewonnen zu haben. Sein Beitrag war fachlich wie menschlich von unsch\u00e4tzbarem Wert.<br \/><br \/>Wir hatten noch viele Ideen und Pl\u00e4ne mit ihm \u2013 umso tiefer trifft uns dieser Verlust. Unser Mitgef\u00fchl gilt seiner Familie und allen, die ihm nahestanden.<br \/>In Dankbarkeit und stiller Verbundenheit<br \/>das Team von b2b design<\/p>\t\t\t\t\t\t\t\t<\/div>\n\t\t\t\t<\/div>\n\t\t\t\t<\/div>\n\t\t<div class=\"elementor-element elementor-element-211b337c e-con-full e-flex wpr-particle-no wpr-jarallax-no wpr-parallax-no wpr-equal-height-no e-con e-child\" data-id=\"211b337c\" data-element_type=\"container\" data-e-type=\"container\">\n\t\t\t\t<div class=\"elementor-element elementor-element-e2e27e0 elementor-widget elementor-widget-image\" data-id=\"e2e27e0\" data-element_type=\"widget\" data-e-type=\"widget\" data-widget_type=\"image.default\">\n\t\t\t\t<div class=\"elementor-widget-container\">\n\t\t\t\t\t\t\t\t\t\t\t\t\t\t\t<img fetchpriority=\"high\" decoding=\"async\" width=\"800\" height=\"534\" src=\"https:\/\/b2bdesign.de\/wp-content\/uploads\/2025\/06\/markus-besenbeck-1024x683.jpg\" class=\"attachment-large size-large wp-image-12927\" alt=\"\" srcset=\"https:\/\/b2bdesign.de\/wp-content\/uploads\/2025\/06\/markus-besenbeck-1024x683.jpg 1024w, https:\/\/b2bdesign.de\/wp-content\/uploads\/2025\/06\/markus-besenbeck-300x200.jpg 300w, https:\/\/b2bdesign.de\/wp-content\/uploads\/2025\/06\/markus-besenbeck-768x512.jpg 768w, https:\/\/b2bdesign.de\/wp-content\/uploads\/2025\/06\/markus-besenbeck-1536x1024.jpg 1536w, https:\/\/b2bdesign.de\/wp-content\/uploads\/2025\/06\/markus-besenbeck-18x12.jpg 18w, https:\/\/b2bdesign.de\/wp-content\/uploads\/2025\/06\/markus-besenbeck.jpg 1920w\" sizes=\"(max-width: 800px) 100vw, 800px\" \/>\t\t\t\t\t\t\t\t\t\t\t\t\t\t\t<\/div>\n\t\t\t\t<\/div>\n\t\t\t\t<\/div>\n\t\t\t\t\t<\/div>\n\t\t\t\t<\/div>\n\t\t<div class=\"elementor-element elementor-element-2028ef27 e-flex e-con-boxed wpr-particle-no wpr-jarallax-no wpr-parallax-no wpr-equal-height-no e-con e-parent\" data-id=\"2028ef27\" data-element_type=\"container\" data-e-type=\"container\">\n\t\t\t\t\t<div class=\"e-con-inner\">\n\t\t\t\t<div class=\"elementor-element elementor-element-583ea259 elementor-widget elementor-widget-spacer\" data-id=\"583ea259\" data-element_type=\"widget\" data-e-type=\"widget\" data-widget_type=\"spacer.default\">\n\t\t\t\t<div class=\"elementor-widget-container\">\n\t\t\t\t\t\t\t<div class=\"elementor-spacer\">\n\t\t\t<div class=\"elementor-spacer-inner\"><\/div>\n\t\t<\/div>\n\t\t\t\t\t\t<\/div>\n\t\t\t\t<\/div>\n\t\t\t\t\t<\/div>\n\t\t\t\t<\/div>\n\t\t<div class=\"elementor-element elementor-element-af80c24 e-flex e-con-boxed wpr-particle-no wpr-jarallax-no wpr-parallax-no wpr-equal-height-no e-con e-parent\" data-id=\"af80c24\" data-element_type=\"container\" data-e-type=\"container\">\n\t\t\t\t\t<div class=\"e-con-inner\">\n\t\t\t\t<div class=\"elementor-element elementor-element-d112156 elementor-widget elementor-widget-spacer\" data-id=\"d112156\" data-element_type=\"widget\" data-e-type=\"widget\" data-widget_type=\"spacer.default\">\n\t\t\t\t<div class=\"elementor-widget-container\">\n\t\t\t\t\t\t\t<div class=\"elementor-spacer\">\n\t\t\t<div class=\"elementor-spacer-inner\"><\/div>\n\t\t<\/div>\n\t\t\t\t\t\t<\/div>\n\t\t\t\t<\/div>\n\t\t\t\t\t<\/div>\n\t\t\t\t<\/div>\n\t\t\t\t<\/div>","protected":false},"excerpt":{"rendered":"<p>Unsere Leistungen Das ist b2b design Erfolgsgeschichten \u270b Sag uns Hallo! b2b &#8211; news for thee R.P.I Markus Besenbeck Good to know Juni 24, 2025 Nachruf auf Prof. Dr. Markus BesenbeckWir bei\u00a0b2b design\u00a0erinnern uns mit gro\u00dfer Wertsch\u00e4tzung an Prof. Dr. Markus Besenbeck. Er brannte f\u00fcr seine Themen \u2013 insbesondere f\u00fcr modernes Marketing auf Plattformen wie TikTok und Instagram. Seine Leidenschaft, sein Weitblick und seine sympathische, charmante Art machten ihn zu einem Menschen, den man sofort mochte und der inspiriert hat. Es war uns eine gro\u00dfe Ehre, ihn als Juror f\u00fcr den ersten\u00a0newbie design award\u00a0gewonnen zu haben. Sein Beitrag war fachlich wie menschlich von unsch\u00e4tzbarem Wert. Wir hatten noch viele Ideen und Pl\u00e4ne mit ihm \u2013 umso tiefer trifft uns dieser Verlust. Unser Mitgef\u00fchl gilt seiner Familie und allen, die ihm nahestanden.In Dankbarkeit und stiller Verbundenheitdas Team von b2b design<\/p>","protected":false},"author":1,"featured_media":12927,"comment_status":"closed","ping_status":"open","sticky":false,"template":"","format":"standard","meta":{"content-type":"","footnotes":""},"categories":[6],"tags":[],"class_list":["post-12926","post","type-post","status-publish","format-standard","has-post-thumbnail","hentry","category-news-aus-der-agentur"],"yoast_head":"<!-- This site is optimized with the Yoast SEO plugin v27.4 - https:\/\/yoast.com\/product\/yoast-seo-wordpress\/ -->\n<title>Nachruf Markus Besenbeck - b2b design Werbe- und Marketing Agentur<\/title>\n<meta name=\"robots\" content=\"index, follow, max-snippet:-1, max-image-preview:large, max-video-preview:-1\" \/>\n<link rel=\"canonical\" href=\"https:\/\/b2bdesign.de\/en\/markus-besenbeck\/\" \/>\n<meta property=\"og:locale\" content=\"en_GB\" \/>\n<meta property=\"og:type\" content=\"article\" \/>\n<meta property=\"og:title\" content=\"Nachruf Markus Besenbeck - b2b design Werbe- und Marketing Agentur\" \/>\n<meta property=\"og:description\" content=\"Unsere Leistungen Das ist b2b design Erfolgsgeschichten \u270b Sag uns Hallo! b2b &#8211; news for thee R.P.I Markus Besenbeck Good to know Juni 24, 2025 Nachruf auf Prof. Dr. Markus BesenbeckWir bei\u00a0b2b design\u00a0erinnern uns mit gro\u00dfer Wertsch\u00e4tzung an Prof. Dr. Markus Besenbeck. Er brannte f\u00fcr seine Themen \u2013 insbesondere f\u00fcr modernes Marketing auf Plattformen wie TikTok und Instagram. Seine Leidenschaft, sein Weitblick und seine sympathische, charmante Art machten ihn zu einem Menschen, den man sofort mochte und der inspiriert hat. Es war uns eine gro\u00dfe Ehre, ihn als Juror f\u00fcr den ersten\u00a0newbie design award\u00a0gewonnen zu haben. Sein Beitrag war fachlich wie menschlich von unsch\u00e4tzbarem Wert. Wir hatten noch viele Ideen und Pl\u00e4ne mit ihm \u2013 umso tiefer trifft uns dieser Verlust. Unser Mitgef\u00fchl gilt seiner Familie und allen, die ihm nahestanden.In Dankbarkeit und stiller Verbundenheitdas Team von b2b design\" \/>\n<meta property=\"og:url\" content=\"https:\/\/b2bdesign.de\/en\/markus-besenbeck\/\" \/>\n<meta property=\"og:site_name\" content=\"b2b design Werbe- und Marketing Agentur\" \/>\n<meta property=\"article:published_time\" content=\"2025-06-24T05:19:13+00:00\" \/>\n<meta property=\"article:modified_time\" content=\"2025-06-24T08:12:41+00:00\" \/>\n<meta property=\"og:image\" content=\"https:\/\/b2bdesign.de\/wp-content\/uploads\/2025\/06\/markus-besenbeck.jpg\" \/>\n\t<meta property=\"og:image:width\" content=\"1920\" \/>\n\t<meta property=\"og:image:height\" content=\"1280\" \/>\n\t<meta property=\"og:image:type\" content=\"image\/jpeg\" \/>\n<meta name=\"author\" content=\"b2b design\" \/>\n<meta name=\"twitter:card\" content=\"summary_large_image\" \/>\n<meta name=\"twitter:label1\" content=\"Written by\" \/>\n\t<meta name=\"twitter:data1\" content=\"b2b design\" \/>\n\t<meta name=\"twitter:label2\" content=\"Estimated reading time\" \/>\n\t<meta name=\"twitter:data2\" content=\"2 minutes\" \/>\n<script type=\"application\/ld+json\" class=\"yoast-schema-graph\">{\"@context\":\"https:\\\/\\\/schema.org\",\"@graph\":[{\"@type\":\"Article\",\"@id\":\"https:\\\/\\\/b2bdesign.de\\\/markus-besenbeck\\\/#article\",\"isPartOf\":{\"@id\":\"https:\\\/\\\/b2bdesign.de\\\/markus-besenbeck\\\/\"},\"author\":{\"name\":\"b2b design\",\"@id\":\"https:\\\/\\\/b2bdesign.de\\\/#\\\/schema\\\/person\\\/529f71dd5ffe4befa07da37f796bf9f2\"},\"headline\":\"Nachruf Markus Besenbeck\",\"datePublished\":\"2025-06-24T05:19:13+00:00\",\"dateModified\":\"2025-06-24T08:12:41+00:00\",\"mainEntityOfPage\":{\"@id\":\"https:\\\/\\\/b2bdesign.de\\\/markus-besenbeck\\\/\"},\"wordCount\":157,\"publisher\":{\"@id\":\"https:\\\/\\\/b2bdesign.de\\\/#organization\"},\"image\":{\"@id\":\"https:\\\/\\\/b2bdesign.de\\\/markus-besenbeck\\\/#primaryimage\"},\"thumbnailUrl\":\"https:\\\/\\\/b2bdesign.de\\\/wp-content\\\/uploads\\\/2025\\\/06\\\/markus-besenbeck.jpg\",\"articleSection\":[\"News aus der Agentur\"],\"inLanguage\":\"en-GB\"},{\"@type\":\"WebPage\",\"@id\":\"https:\\\/\\\/b2bdesign.de\\\/markus-besenbeck\\\/\",\"url\":\"https:\\\/\\\/b2bdesign.de\\\/markus-besenbeck\\\/\",\"name\":\"Nachruf Markus Besenbeck - b2b design Werbe- und Marketing Agentur\",\"isPartOf\":{\"@id\":\"https:\\\/\\\/b2bdesign.de\\\/#website\"},\"primaryImageOfPage\":{\"@id\":\"https:\\\/\\\/b2bdesign.de\\\/markus-besenbeck\\\/#primaryimage\"},\"image\":{\"@id\":\"https:\\\/\\\/b2bdesign.de\\\/markus-besenbeck\\\/#primaryimage\"},\"thumbnailUrl\":\"https:\\\/\\\/b2bdesign.de\\\/wp-content\\\/uploads\\\/2025\\\/06\\\/markus-besenbeck.jpg\",\"datePublished\":\"2025-06-24T05:19:13+00:00\",\"dateModified\":\"2025-06-24T08:12:41+00:00\",\"breadcrumb\":{\"@id\":\"https:\\\/\\\/b2bdesign.de\\\/markus-besenbeck\\\/#breadcrumb\"},\"inLanguage\":\"en-GB\",\"potentialAction\":[{\"@type\":\"ReadAction\",\"target\":[\"https:\\\/\\\/b2bdesign.de\\\/markus-besenbeck\\\/\"]}]},{\"@type\":\"ImageObject\",\"inLanguage\":\"en-GB\",\"@id\":\"https:\\\/\\\/b2bdesign.de\\\/markus-besenbeck\\\/#primaryimage\",\"url\":\"https:\\\/\\\/b2bdesign.de\\\/wp-content\\\/uploads\\\/2025\\\/06\\\/markus-besenbeck.jpg\",\"contentUrl\":\"https:\\\/\\\/b2bdesign.de\\\/wp-content\\\/uploads\\\/2025\\\/06\\\/markus-besenbeck.jpg\",\"width\":1920,\"height\":1280},{\"@type\":\"BreadcrumbList\",\"@id\":\"https:\\\/\\\/b2bdesign.de\\\/markus-besenbeck\\\/#breadcrumb\",\"itemListElement\":[{\"@type\":\"ListItem\",\"position\":1,\"name\":\"Startseite\",\"item\":\"https:\\\/\\\/b2bdesign.de\\\/\"},{\"@type\":\"ListItem\",\"position\":2,\"name\":\"Nachruf Markus Besenbeck\"}]},{\"@type\":\"WebSite\",\"@id\":\"https:\\\/\\\/b2bdesign.de\\\/#website\",\"url\":\"https:\\\/\\\/b2bdesign.de\\\/\",\"name\":\"b2b design Werbe- und Marketing Agentur\",\"description\":\"\",\"publisher\":{\"@id\":\"https:\\\/\\\/b2bdesign.de\\\/#organization\"},\"potentialAction\":[{\"@type\":\"SearchAction\",\"target\":{\"@type\":\"EntryPoint\",\"urlTemplate\":\"https:\\\/\\\/b2bdesign.de\\\/?s={search_term_string}\"},\"query-input\":{\"@type\":\"PropertyValueSpecification\",\"valueRequired\":true,\"valueName\":\"search_term_string\"}}],\"inLanguage\":\"en-GB\"},{\"@type\":\"Organization\",\"@id\":\"https:\\\/\\\/b2bdesign.de\\\/#organization\",\"name\":\"b2b design e.K.\",\"url\":\"https:\\\/\\\/b2bdesign.de\\\/\",\"logo\":{\"@type\":\"ImageObject\",\"inLanguage\":\"en-GB\",\"@id\":\"https:\\\/\\\/b2bdesign.de\\\/#\\\/schema\\\/logo\\\/image\\\/\",\"url\":\"https:\\\/\\\/b2bdesign.de\\\/wp-content\\\/uploads\\\/2023\\\/10\\\/b2b-design-logo-webseite-1.svg\",\"contentUrl\":\"https:\\\/\\\/b2bdesign.de\\\/wp-content\\\/uploads\\\/2023\\\/10\\\/b2b-design-logo-webseite-1.svg\",\"width\":100,\"height\":350,\"caption\":\"b2b design e.K.\"},\"image\":{\"@id\":\"https:\\\/\\\/b2bdesign.de\\\/#\\\/schema\\\/logo\\\/image\\\/\"},\"sameAs\":[\"https:\\\/\\\/www.linkedin.com\\\/company\\\/b2b-design\",\"https:\\\/\\\/www.instagram.com\\\/b2bdesign2017\\\/\",\"https:\\\/\\\/www.youtube.com\\\/channel\\\/UCOyMQ8GywgDAvFhodpaJk7Q\"]},{\"@type\":\"Person\",\"@id\":\"https:\\\/\\\/b2bdesign.de\\\/#\\\/schema\\\/person\\\/529f71dd5ffe4befa07da37f796bf9f2\",\"name\":\"b2b design\",\"image\":{\"@type\":\"ImageObject\",\"inLanguage\":\"en-GB\",\"@id\":\"https:\\\/\\\/secure.gravatar.com\\\/avatar\\\/f1c9952c41b727e5efa0dd7198a6bab32ba0d7ceb2d8f5292e054724a1cc0be2?s=96&d=mm&r=g\",\"url\":\"https:\\\/\\\/secure.gravatar.com\\\/avatar\\\/f1c9952c41b727e5efa0dd7198a6bab32ba0d7ceb2d8f5292e054724a1cc0be2?s=96&d=mm&r=g\",\"contentUrl\":\"https:\\\/\\\/secure.gravatar.com\\\/avatar\\\/f1c9952c41b727e5efa0dd7198a6bab32ba0d7ceb2d8f5292e054724a1cc0be2?s=96&d=mm&r=g\",\"caption\":\"b2b design\"},\"sameAs\":[\"http:\\\/\\\/neuevielcoolerewebseite.b2bdesign.de\"],\"url\":\"https:\\\/\\\/b2bdesign.de\\\/en\\\/author\\\/admin\\\/\"}]}<\/script>\n<!-- \/ Yoast SEO plugin. -->","yoast_head_json":{"title":"Nachruf Markus Besenbeck - b2b design Werbe- und Marketing Agentur","robots":{"index":"index","follow":"follow","max-snippet":"max-snippet:-1","max-image-preview":"max-image-preview:large","max-video-preview":"max-video-preview:-1"},"canonical":"https:\/\/b2bdesign.de\/en\/markus-besenbeck\/","og_locale":"en_GB","og_type":"article","og_title":"Nachruf Markus Besenbeck - b2b design Werbe- und Marketing Agentur","og_description":"Unsere Leistungen Das ist b2b design Erfolgsgeschichten \u270b Sag uns Hallo! b2b &#8211; news for thee R.P.I Markus Besenbeck Good to know Juni 24, 2025 Nachruf auf Prof. Dr. Markus BesenbeckWir bei\u00a0b2b design\u00a0erinnern uns mit gro\u00dfer Wertsch\u00e4tzung an Prof. Dr. Markus Besenbeck. Er brannte f\u00fcr seine Themen \u2013 insbesondere f\u00fcr modernes Marketing auf Plattformen wie TikTok und Instagram. Seine Leidenschaft, sein Weitblick und seine sympathische, charmante Art machten ihn zu einem Menschen, den man sofort mochte und der inspiriert hat. Es war uns eine gro\u00dfe Ehre, ihn als Juror f\u00fcr den ersten\u00a0newbie design award\u00a0gewonnen zu haben. Sein Beitrag war fachlich wie menschlich von unsch\u00e4tzbarem Wert. Wir hatten noch viele Ideen und Pl\u00e4ne mit ihm \u2013 umso tiefer trifft uns dieser Verlust. Unser Mitgef\u00fchl gilt seiner Familie und allen, die ihm nahestanden.In Dankbarkeit und stiller Verbundenheitdas Team von b2b design","og_url":"https:\/\/b2bdesign.de\/en\/markus-besenbeck\/","og_site_name":"b2b design Werbe- und Marketing Agentur","article_published_time":"2025-06-24T05:19:13+00:00","article_modified_time":"2025-06-24T08:12:41+00:00","og_image":[{"width":1920,"height":1280,"url":"https:\/\/b2bdesign.de\/wp-content\/uploads\/2025\/06\/markus-besenbeck.jpg","type":"image\/jpeg"}],"author":"b2b design","twitter_card":"summary_large_image","twitter_misc":{"Written by":"b2b design","Estimated reading time":"2 minutes"},"schema":{"@context":"https:\/\/schema.org","@graph":[{"@type":"Article","@id":"https:\/\/b2bdesign.de\/markus-besenbeck\/#article","isPartOf":{"@id":"https:\/\/b2bdesign.de\/markus-besenbeck\/"},"author":{"name":"b2b design","@id":"https:\/\/b2bdesign.de\/#\/schema\/person\/529f71dd5ffe4befa07da37f796bf9f2"},"headline":"Nachruf Markus Besenbeck","datePublished":"2025-06-24T05:19:13+00:00","dateModified":"2025-06-24T08:12:41+00:00","mainEntityOfPage":{"@id":"https:\/\/b2bdesign.de\/markus-besenbeck\/"},"wordCount":157,"publisher":{"@id":"https:\/\/b2bdesign.de\/#organization"},"image":{"@id":"https:\/\/b2bdesign.de\/markus-besenbeck\/#primaryimage"},"thumbnailUrl":"https:\/\/b2bdesign.de\/wp-content\/uploads\/2025\/06\/markus-besenbeck.jpg","articleSection":["News aus der Agentur"],"inLanguage":"en-GB"},{"@type":"WebPage","@id":"https:\/\/b2bdesign.de\/markus-besenbeck\/","url":"https:\/\/b2bdesign.de\/markus-besenbeck\/","name":"Nachruf Markus Besenbeck - b2b design Werbe- und Marketing Agentur","isPartOf":{"@id":"https:\/\/b2bdesign.de\/#website"},"primaryImageOfPage":{"@id":"https:\/\/b2bdesign.de\/markus-besenbeck\/#primaryimage"},"image":{"@id":"https:\/\/b2bdesign.de\/markus-besenbeck\/#primaryimage"},"thumbnailUrl":"https:\/\/b2bdesign.de\/wp-content\/uploads\/2025\/06\/markus-besenbeck.jpg","datePublished":"2025-06-24T05:19:13+00:00","dateModified":"2025-06-24T08:12:41+00:00","breadcrumb":{"@id":"https:\/\/b2bdesign.de\/markus-besenbeck\/#breadcrumb"},"inLanguage":"en-GB","potentialAction":[{"@type":"ReadAction","target":["https:\/\/b2bdesign.de\/markus-besenbeck\/"]}]},{"@type":"ImageObject","inLanguage":"en-GB","@id":"https:\/\/b2bdesign.de\/markus-besenbeck\/#primaryimage","url":"https:\/\/b2bdesign.de\/wp-content\/uploads\/2025\/06\/markus-besenbeck.jpg","contentUrl":"https:\/\/b2bdesign.de\/wp-content\/uploads\/2025\/06\/markus-besenbeck.jpg","width":1920,"height":1280},{"@type":"BreadcrumbList","@id":"https:\/\/b2bdesign.de\/markus-besenbeck\/#breadcrumb","itemListElement":[{"@type":"ListItem","position":1,"name":"Startseite","item":"https:\/\/b2bdesign.de\/"},{"@type":"ListItem","position":2,"name":"Nachruf Markus Besenbeck"}]},{"@type":"WebSite","@id":"https:\/\/b2bdesign.de\/#website","url":"https:\/\/b2bdesign.de\/","name":"b2b design Werbe- und Marketing Agentur","description":"","publisher":{"@id":"https:\/\/b2bdesign.de\/#organization"},"potentialAction":[{"@type":"SearchAction","target":{"@type":"EntryPoint","urlTemplate":"https:\/\/b2bdesign.de\/?s={search_term_string}"},"query-input":{"@type":"PropertyValueSpecification","valueRequired":true,"valueName":"search_term_string"}}],"inLanguage":"en-GB"},{"@type":"Organization","@id":"https:\/\/b2bdesign.de\/#organization","name":"b2b design e.K.","url":"https:\/\/b2bdesign.de\/","logo":{"@type":"ImageObject","inLanguage":"en-GB","@id":"https:\/\/b2bdesign.de\/#\/schema\/logo\/image\/","url":"https:\/\/b2bdesign.de\/wp-content\/uploads\/2023\/10\/b2b-design-logo-webseite-1.svg","contentUrl":"https:\/\/b2bdesign.de\/wp-content\/uploads\/2023\/10\/b2b-design-logo-webseite-1.svg","width":100,"height":350,"caption":"b2b design e.K."},"image":{"@id":"https:\/\/b2bdesign.de\/#\/schema\/logo\/image\/"},"sameAs":["https:\/\/www.linkedin.com\/company\/b2b-design","https:\/\/www.instagram.com\/b2bdesign2017\/","https:\/\/www.youtube.com\/channel\/UCOyMQ8GywgDAvFhodpaJk7Q"]},{"@type":"Person","@id":"https:\/\/b2bdesign.de\/#\/schema\/person\/529f71dd5ffe4befa07da37f796bf9f2","name":"b2b design","image":{"@type":"ImageObject","inLanguage":"en-GB","@id":"https:\/\/secure.gravatar.com\/avatar\/f1c9952c41b727e5efa0dd7198a6bab32ba0d7ceb2d8f5292e054724a1cc0be2?s=96&d=mm&r=g","url":"https:\/\/secure.gravatar.com\/avatar\/f1c9952c41b727e5efa0dd7198a6bab32ba0d7ceb2d8f5292e054724a1cc0be2?s=96&d=mm&r=g","contentUrl":"https:\/\/secure.gravatar.com\/avatar\/f1c9952c41b727e5efa0dd7198a6bab32ba0d7ceb2d8f5292e054724a1cc0be2?s=96&d=mm&r=g","caption":"b2b design"},"sameAs":["http:\/\/neuevielcoolerewebseite.b2bdesign.de"],"url":"https:\/\/b2bdesign.de\/en\/author\/admin\/"}]}},"_links":{"self":[{"href":"https:\/\/b2bdesign.de\/en\/wp-json\/wp\/v2\/posts\/12926","targetHints":{"allow":["GET"]}}],"collection":[{"href":"https:\/\/b2bdesign.de\/en\/wp-json\/wp\/v2\/posts"}],"about":[{"href":"https:\/\/b2bdesign.de\/en\/wp-json\/wp\/v2\/types\/post"}],"author":[{"embeddable":true,"href":"https:\/\/b2bdesign.de\/en\/wp-json\/wp\/v2\/users\/1"}],"replies":[{"embeddable":true,"href":"https:\/\/b2bdesign.de\/en\/wp-json\/wp\/v2\/comments?post=12926"}],"version-history":[{"count":8,"href":"https:\/\/b2bdesign.de\/en\/wp-json\/wp\/v2\/posts\/12926\/revisions"}],"predecessor-version":[{"id":12935,"href":"https:\/\/b2bdesign.de\/en\/wp-json\/wp\/v2\/posts\/12926\/revisions\/12935"}],"wp:featuredmedia":[{"embeddable":true,"href":"https:\/\/b2bdesign.de\/en\/wp-json\/wp\/v2\/media\/12927"}],"wp:attachment":[{"href":"https:\/\/b2bdesign.de\/en\/wp-json\/wp\/v2\/media?parent=12926"}],"wp:term":[{"taxonomy":"category","embeddable":true,"href":"https:\/\/b2bdesign.de\/en\/wp-json\/wp\/v2\/categories?post=12926"},{"taxonomy":"post_tag","embeddable":true,"href":"https:\/\/b2bdesign.de\/en\/wp-json\/wp\/v2\/tags?post=12926"}],"curies":[{"name":"wp","href":"https:\/\/api.w.org\/{rel}","templated":true}]}}